
{"id":11415,"date":"2013-08-08T15:31:39","date_gmt":"2013-08-08T14:31:39","guid":{"rendered":"http:\/\/adamczewscy.pl\/?p=4977"},"modified":"2013-08-08T15:31:39","modified_gmt":"2013-08-08T14:31:39","slug":"suflety-uproszczone-z-porow","status":"publish","type":"post","link":"https:\/\/blog.polityka.pl\/adamczewski\/2013\/08\/08\/suflety-uproszczone-z-porow\/","title":{"rendered":"Suflety (uproszczone) z por\u00f3w"},"content":{"rendered":"<p><em>5 &#8211; 6 por\u00f3w (jedynie bia\u0142e cz\u0119\u015bci), 1,5 szklanki mleka, 3 jaja, 2 \u0142y\u017ceczki oliwy, do smaku mielona ga\u0142ka muszkato\u0142owa, pieprz i s\u00f3l<\/em><\/p>\n<p>1. Bia\u0142e cz\u0119\u015bci por\u00f3w przeci\u0105\u0107 na po\u0142owy wzd\u0142u\u017c. Oczy\u015bci\u0107 dok\u0142adnie z piasku. Pokroi\u0107 na cienkie p\u00f3\u0142plasterki.<br \/>\n2. Rozgrza\u0107 lekko oliw\u0119 i zeszkli\u0107 pory, porozk\u0142ada\u0107 je do kokilek .<br \/>\n3. Zmiksowa\u0107 jajka z mlekiem, sol\u0105, pieprzem i ga\u0142k\u0105 muszkato\u0142ow\u0105.<br \/>\n4. Zala\u0107 pory mlekiem z jajami.<br \/>\n5. Ustawi\u0107 kokilki w formie z gor\u0105c\u0105  wod\u0105 si\u0119gaj\u0105c\u0105 do po\u0142owy  ich wysoko\u015bci .<br \/>\n6. Wstawi\u0107 do piekarnika nagrzanego do 180 st. C i zapieka\u0107, a\u017c  masa si\u0119 zetnie, czyli ok. 25 minut.<\/p>\n","protected":false},"excerpt":{"rendered":"<p>5 &#8211; 6 por\u00f3w (jedynie bia\u0142e cz\u0119\u015bci), 1,5 szklanki mleka, 3 jaja, 2 \u0142y\u017ceczki oliwy, do smaku mielona ga\u0142ka muszkato\u0142owa, pieprz i s\u00f3l 1. Bia\u0142e cz\u0119\u015bci por\u00f3w przeci\u0105\u0107 na po\u0142owy wzd\u0142u\u017c. Oczy\u015bci\u0107 dok\u0142adnie z piasku. Pokroi\u0107 na cienkie p\u00f3\u0142plasterki. 2. Rozgrza\u0107 lekko oliw\u0119 i zeszkli\u0107 pory, porozk\u0142ada\u0107 je do kokilek . 3. Zmiksowa\u0107 jajka z [&hellip;]<\/p>\n","protected":false},"author":2,"featured_media":0,"comment_status":"open","ping_status":"open","sticky":false,"template":"","format":"standard","meta":{"footnotes":""},"categories":[1],"tags":[],"_links":{"self":[{"href":"https:\/\/blog.polityka.pl\/adamczewski\/wp-json\/wp\/v2\/posts\/11415"}],"collection":[{"href":"https:\/\/blog.polityka.pl\/adamczewski\/wp-json\/wp\/v2\/posts"}],"about":[{"href":"https:\/\/blog.polityka.pl\/adamczewski\/wp-json\/wp\/v2\/types\/post"}],"author":[{"embeddable":true,"href":"https:\/\/blog.polityka.pl\/adamczewski\/wp-json\/wp\/v2\/users\/2"}],"replies":[{"embeddable":true,"href":"https:\/\/blog.polityka.pl\/adamczewski\/wp-json\/wp\/v2\/comments?post=11415"}],"version-history":[{"count":0,"href":"https:\/\/blog.polityka.pl\/adamczewski\/wp-json\/wp\/v2\/posts\/11415\/revisions"}],"wp:attachment":[{"href":"https:\/\/blog.polityka.pl\/adamczewski\/wp-json\/wp\/v2\/media?parent=11415"}],"wp:term":[{"taxonomy":"category","embeddable":true,"href":"https:\/\/blog.polityka.pl\/adamczewski\/wp-json\/wp\/v2\/categories?post=11415"},{"taxonomy":"post_tag","embeddable":true,"href":"https:\/\/blog.polityka.pl\/adamczewski\/wp-json\/wp\/v2\/tags?post=11415"}],"curies":[{"name":"wp","href":"https:\/\/api.w.org\/{rel}","templated":true}]}}