
{"id":11416,"date":"2013-08-08T15:32:59","date_gmt":"2013-08-08T14:32:59","guid":{"rendered":"http:\/\/adamczewscy.pl\/?p=4979"},"modified":"2013-08-08T15:32:59","modified_gmt":"2013-08-08T14:32:59","slug":"marchew-z-sokiem-pomaranczowym","status":"publish","type":"post","link":"https:\/\/blog.polityka.pl\/adamczewski\/2013\/08\/08\/marchew-z-sokiem-pomaranczowym\/","title":{"rendered":"Marchew z sokiem pomara\u0144czowym"},"content":{"rendered":"<p><em>Ok. 50 dag marchwi, 5 szalotek, sok z ca\u0142ej pomara\u0144czy, \u0142y\u017ceczka soku cytrynowego, 2,5 \u0142y\u017cki klarowanego mas\u0142a, kilka ga\u0142\u0105zek  \u015bwie\u017cego tymianku, 1\/2 \u0142y\u017ceczki  m\u0105ki ziemniaczanej, s\u00f3l, mielony bia\u0142y pieprz<\/em><\/p>\n<p>1. Marchew cienko obra\u0107, pokroi\u0107 w talarki, ugotowa\u0107 na p\u00f3\u0142 twardo na parze lub w niewielkiej ilo\u015bci wody. Os\u0105czy\u0107.<br \/>\n2. Szalotki pokroi\u0107 na \u0107wiartki i na po\u0142owie klarowanego mas\u0142a zeszkli\u0107 na patelni. Prze\u0142o\u017cy\u0107 do rondla.<br \/>\n3. Na  patelni na pozosta\u0142ym ma\u015ble chwil\u0119 podsma\u017ca\u0107 marchewk\u0119. Prze\u0142o\u017cy\u0107 do rondla z cebulk\u0105.<br \/>\n4. Doda\u0107 do rondla sok pomara\u0144czowy wymieszany z m\u0105k\u0105 ziemniaczan\u0105, po\u0142ow\u0119 tymianku, doprawi\u0107 sol\u0105 i pieprzem. Chwil\u0119 dusi\u0107 jarzynk\u0119  pod przykryciem, doprawi\u0107 sokiem cytrynowym. Podaj\u0105c posypa\u0107 posiekanym pozosta\u0142ym tymiankiem.<\/p>\n","protected":false},"excerpt":{"rendered":"<p>Ok. 50 dag marchwi, 5 szalotek, sok z ca\u0142ej pomara\u0144czy, \u0142y\u017ceczka soku cytrynowego, 2,5 \u0142y\u017cki klarowanego mas\u0142a, kilka ga\u0142\u0105zek \u015bwie\u017cego tymianku, 1\/2 \u0142y\u017ceczki m\u0105ki ziemniaczanej, s\u00f3l, mielony bia\u0142y pieprz 1. Marchew cienko obra\u0107, pokroi\u0107 w talarki, ugotowa\u0107 na p\u00f3\u0142 twardo na parze lub w niewielkiej ilo\u015bci wody. Os\u0105czy\u0107. 2. Szalotki pokroi\u0107 na \u0107wiartki i na [&hellip;]<\/p>\n","protected":false},"author":2,"featured_media":0,"comment_status":"open","ping_status":"open","sticky":false,"template":"","format":"standard","meta":{"footnotes":""},"categories":[1],"tags":[],"_links":{"self":[{"href":"https:\/\/blog.polityka.pl\/adamczewski\/wp-json\/wp\/v2\/posts\/11416"}],"collection":[{"href":"https:\/\/blog.polityka.pl\/adamczewski\/wp-json\/wp\/v2\/posts"}],"about":[{"href":"https:\/\/blog.polityka.pl\/adamczewski\/wp-json\/wp\/v2\/types\/post"}],"author":[{"embeddable":true,"href":"https:\/\/blog.polityka.pl\/adamczewski\/wp-json\/wp\/v2\/users\/2"}],"replies":[{"embeddable":true,"href":"https:\/\/blog.polityka.pl\/adamczewski\/wp-json\/wp\/v2\/comments?post=11416"}],"version-history":[{"count":0,"href":"https:\/\/blog.polityka.pl\/adamczewski\/wp-json\/wp\/v2\/posts\/11416\/revisions"}],"wp:attachment":[{"href":"https:\/\/blog.polityka.pl\/adamczewski\/wp-json\/wp\/v2\/media?parent=11416"}],"wp:term":[{"taxonomy":"category","embeddable":true,"href":"https:\/\/blog.polityka.pl\/adamczewski\/wp-json\/wp\/v2\/categories?post=11416"},{"taxonomy":"post_tag","embeddable":true,"href":"https:\/\/blog.polityka.pl\/adamczewski\/wp-json\/wp\/v2\/tags?post=11416"}],"curies":[{"name":"wp","href":"https:\/\/api.w.org\/{rel}","templated":true}]}}