
{"id":11419,"date":"2013-08-08T15:37:05","date_gmt":"2013-08-08T14:37:05","guid":{"rendered":"http:\/\/adamczewscy.pl\/?p=4985"},"modified":"2013-08-08T15:37:05","modified_gmt":"2013-08-08T14:37:05","slug":"cebula-duszona-na-jarzynke","status":"publish","type":"post","link":"https:\/\/blog.polityka.pl\/adamczewski\/2013\/08\/08\/cebula-duszona-na-jarzynke\/","title":{"rendered":"Cebula duszona na jarzynk\u0119"},"content":{"rendered":"<p><em>50 dag du\u017cej czerwonej cebuli, szklanka czerwonego wina, 3 \u0142y\u017cki octu winnego, 2 \u0142y\u017cki likieru z czarnej porzeczki, 2 \u0142y\u017cki cukru, po szczypcie mielonego cynamonu i go\u017adzik\u00f3w, 2 \u0142y\u017cki oleju arachidowego, s\u00f3l, pieprz<\/em><\/p>\n<p>1. Cebul\u0119 obra\u0107, pokroi\u0107 w pi\u00f3rka. Na  rozgrzanym oleju sma\u017cy\u0107  a\u017c si\u0119 zeszkli, posypa\u0107 cukrem i jeszcze chwil\u0119, oko\u0142o 2 minut sma\u017cy\u0107 mieszaj\u0105c.<br \/>\n2. Wla\u0107 ocet i dusi\u0107 a\u017c p\u0142yn odparuje, doda\u0107 likier i wino, cynamon oraz go\u017adziki, doprawi\u0107 sol\u0105 i pieprzem. Dusi\u0107 20 minut mieszaj\u0105c.<br \/>\n3. Odstawi\u0107 z ognia i wystudzi\u0107.<\/p>\n","protected":false},"excerpt":{"rendered":"<p>50 dag du\u017cej czerwonej cebuli, szklanka czerwonego wina, 3 \u0142y\u017cki octu winnego, 2 \u0142y\u017cki likieru z czarnej porzeczki, 2 \u0142y\u017cki cukru, po szczypcie mielonego cynamonu i go\u017adzik\u00f3w, 2 \u0142y\u017cki oleju arachidowego, s\u00f3l, pieprz 1. Cebul\u0119 obra\u0107, pokroi\u0107 w pi\u00f3rka. Na rozgrzanym oleju sma\u017cy\u0107 a\u017c si\u0119 zeszkli, posypa\u0107 cukrem i jeszcze chwil\u0119, oko\u0142o 2 minut sma\u017cy\u0107 [&hellip;]<\/p>\n","protected":false},"author":2,"featured_media":0,"comment_status":"open","ping_status":"open","sticky":false,"template":"","format":"standard","meta":{"footnotes":""},"categories":[1],"tags":[],"_links":{"self":[{"href":"https:\/\/blog.polityka.pl\/adamczewski\/wp-json\/wp\/v2\/posts\/11419"}],"collection":[{"href":"https:\/\/blog.polityka.pl\/adamczewski\/wp-json\/wp\/v2\/posts"}],"about":[{"href":"https:\/\/blog.polityka.pl\/adamczewski\/wp-json\/wp\/v2\/types\/post"}],"author":[{"embeddable":true,"href":"https:\/\/blog.polityka.pl\/adamczewski\/wp-json\/wp\/v2\/users\/2"}],"replies":[{"embeddable":true,"href":"https:\/\/blog.polityka.pl\/adamczewski\/wp-json\/wp\/v2\/comments?post=11419"}],"version-history":[{"count":0,"href":"https:\/\/blog.polityka.pl\/adamczewski\/wp-json\/wp\/v2\/posts\/11419\/revisions"}],"wp:attachment":[{"href":"https:\/\/blog.polityka.pl\/adamczewski\/wp-json\/wp\/v2\/media?parent=11419"}],"wp:term":[{"taxonomy":"category","embeddable":true,"href":"https:\/\/blog.polityka.pl\/adamczewski\/wp-json\/wp\/v2\/categories?post=11419"},{"taxonomy":"post_tag","embeddable":true,"href":"https:\/\/blog.polityka.pl\/adamczewski\/wp-json\/wp\/v2\/tags?post=11419"}],"curies":[{"name":"wp","href":"https:\/\/api.w.org\/{rel}","templated":true}]}}