
{"id":11420,"date":"2013-08-19T08:42:52","date_gmt":"2013-08-19T07:42:52","guid":{"rendered":"http:\/\/adamczewscy.pl\/?p=5000"},"modified":"2013-08-19T08:42:52","modified_gmt":"2013-08-19T07:42:52","slug":"szybki-placek-z-jezynami","status":"publish","type":"post","link":"https:\/\/blog.polityka.pl\/adamczewski\/2013\/08\/19\/szybki-placek-z-jezynami\/","title":{"rendered":"Szybki placek z je\u017cynami"},"content":{"rendered":"<p><em>20 dag mas\u0142a, niepe\u0142na szklanka cukru, cukier waniliowy, szczypta soli, 4 jajka, szklanka z czubem m\u0105ki, 5 dag m\u0105ki ziemniaczanej, p\u0142aska \u0142y\u017ceczka proszku do pieczenia, szklanka je\u017cyn, cukier puder do posypania placka po upieczeniu<\/em><\/p>\n<p>1. Utrze\u0107 mas\u0142o z cukrem oraz cukrem waniliowym i szczypt\u0105 soli na puszyst\u0105 mas\u0119, po kolei wbija\u0107 jajka nadal ucieraj\u0105c.<br \/>\n2. Do utartej, g\u0142adkiej masy wsypa\u0107 oba rodzaje m\u0105ki i proszek do pieczenia, wymiesza\u0107.<br \/>\n3. Form\u0119 wy\u0142o\u017cy\u0107 papierem do pieczenia, wy\u0142o\u017cy\u0107 ciasto, posypa\u0107 wierzch  je\u017cynami.<br \/>\n4. W piekarniku nagrzanym do 170 st. C piec ciasto 50 minut. Od razu po wyj\u0119ciu z piekarnika posypa\u0107 przez sitko cukrem pudrem.<\/p>\n","protected":false},"excerpt":{"rendered":"<p>20 dag mas\u0142a, niepe\u0142na szklanka cukru, cukier waniliowy, szczypta soli, 4 jajka, szklanka z czubem m\u0105ki, 5 dag m\u0105ki ziemniaczanej, p\u0142aska \u0142y\u017ceczka proszku do pieczenia, szklanka je\u017cyn, cukier puder do posypania placka po upieczeniu 1. Utrze\u0107 mas\u0142o z cukrem oraz cukrem waniliowym i szczypt\u0105 soli na puszyst\u0105 mas\u0119, po kolei wbija\u0107 jajka nadal ucieraj\u0105c. 2. [&hellip;]<\/p>\n","protected":false},"author":2,"featured_media":0,"comment_status":"open","ping_status":"open","sticky":false,"template":"","format":"standard","meta":{"footnotes":""},"categories":[1],"tags":[],"_links":{"self":[{"href":"https:\/\/blog.polityka.pl\/adamczewski\/wp-json\/wp\/v2\/posts\/11420"}],"collection":[{"href":"https:\/\/blog.polityka.pl\/adamczewski\/wp-json\/wp\/v2\/posts"}],"about":[{"href":"https:\/\/blog.polityka.pl\/adamczewski\/wp-json\/wp\/v2\/types\/post"}],"author":[{"embeddable":true,"href":"https:\/\/blog.polityka.pl\/adamczewski\/wp-json\/wp\/v2\/users\/2"}],"replies":[{"embeddable":true,"href":"https:\/\/blog.polityka.pl\/adamczewski\/wp-json\/wp\/v2\/comments?post=11420"}],"version-history":[{"count":0,"href":"https:\/\/blog.polityka.pl\/adamczewski\/wp-json\/wp\/v2\/posts\/11420\/revisions"}],"wp:attachment":[{"href":"https:\/\/blog.polityka.pl\/adamczewski\/wp-json\/wp\/v2\/media?parent=11420"}],"wp:term":[{"taxonomy":"category","embeddable":true,"href":"https:\/\/blog.polityka.pl\/adamczewski\/wp-json\/wp\/v2\/categories?post=11420"},{"taxonomy":"post_tag","embeddable":true,"href":"https:\/\/blog.polityka.pl\/adamczewski\/wp-json\/wp\/v2\/tags?post=11420"}],"curies":[{"name":"wp","href":"https:\/\/api.w.org\/{rel}","templated":true}]}}