
{"id":11433,"date":"2013-09-06T10:01:35","date_gmt":"2013-09-06T09:01:35","guid":{"rendered":"http:\/\/adamczewscy.pl\/?p=5062"},"modified":"2013-09-06T10:01:35","modified_gmt":"2013-09-06T09:01:35","slug":"tarta-z-awokado","status":"publish","type":"post","link":"https:\/\/blog.polityka.pl\/adamczewski\/2013\/09\/06\/tarta-z-awokado\/","title":{"rendered":"Tarta z awokado"},"content":{"rendered":"<p><em>Na ciasto: 20 dag (1 i 1\/3 szklanki) m\u0105ki,10 dag zimnego mas\u0142a, \u0142y\u017ceczka soli,4 \u0142y\u017cki zimnej wody<br \/>\nNa nadzienie: owoc awokado, 4 suszone pomidory, du\u017ca czerwona cebula, pojedynczy  filet z piersi  kurczaka, \u0142y\u017ceczka oliwy z oliwek,1\/2 szklanki \u015bmietany,1\/2 szklanki starego parmezanu, jajko, s\u00f3l, pieprz<\/em><\/p>\n<p>1. Zagnie\u015b\u0107 ciasto  z podanych sk\u0142adnik\u00f3w, po czym wylepi\u0107  nim form\u0119, na przyk\u0142ad tortownic\u0119. Ponak\u0142uwa\u0107 widelcem i w piekarniku o temperaturze 180 st. C piec 5 minut.<br \/>\n2. Filet z kurczaka pokroi\u0107 w plasterki i podsma\u017cy\u0107 na oliwie. Awokado obra\u0107 i pokroi\u0107 w kostk\u0119. Cebul\u0119 pokroi\u0107 w pi\u00f3rka. Pomidory pokroi\u0107 w paski.<br \/>\n3. Na podpieczonym sodzie tarty uk\u0142ada\u0107  rozdrobnione produkty.<br \/>\n4. Wymiesza\u0107 \u015bmietan\u0119 z jajkiem, parmezanem, sol\u0105 i pieprzem, zala\u0107 wierzch tarty.<br \/>\n5. W piekarniku o temperaturze 180 st. C piec 20 minut. Najlepiej smakuje na gor\u0105co.<\/p>\n","protected":false},"excerpt":{"rendered":"<p>Na ciasto: 20 dag (1 i 1\/3 szklanki) m\u0105ki,10 dag zimnego mas\u0142a, \u0142y\u017ceczka soli,4 \u0142y\u017cki zimnej wody Na nadzienie: owoc awokado, 4 suszone pomidory, du\u017ca czerwona cebula, pojedynczy filet z piersi kurczaka, \u0142y\u017ceczka oliwy z oliwek,1\/2 szklanki \u015bmietany,1\/2 szklanki starego parmezanu, jajko, s\u00f3l, pieprz 1. Zagnie\u015b\u0107 ciasto z podanych sk\u0142adnik\u00f3w, po czym wylepi\u0107 nim form\u0119, [&hellip;]<\/p>\n","protected":false},"author":2,"featured_media":0,"comment_status":"open","ping_status":"open","sticky":false,"template":"","format":"standard","meta":{"footnotes":""},"categories":[1],"tags":[],"_links":{"self":[{"href":"https:\/\/blog.polityka.pl\/adamczewski\/wp-json\/wp\/v2\/posts\/11433"}],"collection":[{"href":"https:\/\/blog.polityka.pl\/adamczewski\/wp-json\/wp\/v2\/posts"}],"about":[{"href":"https:\/\/blog.polityka.pl\/adamczewski\/wp-json\/wp\/v2\/types\/post"}],"author":[{"embeddable":true,"href":"https:\/\/blog.polityka.pl\/adamczewski\/wp-json\/wp\/v2\/users\/2"}],"replies":[{"embeddable":true,"href":"https:\/\/blog.polityka.pl\/adamczewski\/wp-json\/wp\/v2\/comments?post=11433"}],"version-history":[{"count":0,"href":"https:\/\/blog.polityka.pl\/adamczewski\/wp-json\/wp\/v2\/posts\/11433\/revisions"}],"wp:attachment":[{"href":"https:\/\/blog.polityka.pl\/adamczewski\/wp-json\/wp\/v2\/media?parent=11433"}],"wp:term":[{"taxonomy":"category","embeddable":true,"href":"https:\/\/blog.polityka.pl\/adamczewski\/wp-json\/wp\/v2\/categories?post=11433"},{"taxonomy":"post_tag","embeddable":true,"href":"https:\/\/blog.polityka.pl\/adamczewski\/wp-json\/wp\/v2\/tags?post=11433"}],"curies":[{"name":"wp","href":"https:\/\/api.w.org\/{rel}","templated":true}]}}