
{"id":11434,"date":"2013-09-06T10:02:30","date_gmt":"2013-09-06T09:02:30","guid":{"rendered":"http:\/\/adamczewscy.pl\/?p=5064"},"modified":"2013-09-06T10:02:30","modified_gmt":"2013-09-06T09:02:30","slug":"gulasz-z-fasolki-i-kielbasy","status":"publish","type":"post","link":"https:\/\/blog.polityka.pl\/adamczewski\/2013\/09\/06\/gulasz-z-fasolki-i-kielbasy\/","title":{"rendered":"Gulasz z fasolki i kie\u0142basy"},"content":{"rendered":"<p><em>50 dag \u017c\u00f3\u0142tej fasolki szparagowej, 3 str\u0105ki papryki (po jednym z ka\u017cdego koloru), 30 dag chudej kie\u0142basy, du\u017ca cebula, 25 dag pomidor\u00f3w, 4 \u0142y\u017cki oliwy z oliwek,1\/4 szklanki bulionu z kostki,1\/2 szklanki \u015bmietany<br \/>\n<\/em><br \/>\n1. Obran\u0105 fasolk\u0119 pokroi\u0107 na kawa\u0142ki, obgotowa\u0107 3 minuty we wrz\u0105cej lekko osolonej wodzie. odcedzi\u0107 i przela\u0107 zimn\u0105 wod\u0105, ods\u0105czy\u0107.<br \/>\n2. Papryk\u0119 oczy\u015bci\u0107 z gniazd nasiennych po czym pokroi\u0107 w paski; pomidory sparzy\u0107, zdj\u0105\u0107 sk\u00f3rk\u0119 i pokroi\u0107 w kostk\u0119; cebul\u0119 posieka\u0107.<br \/>\n3. W garnku rozgrza\u0107 oliw\u0119, doda\u0107 cebul\u0119, chwil\u0119 sma\u017cy\u0107, doda\u0107 fasolk\u0119 i papryk\u0119 i sma\u017cy\u0107 mieszaj\u0105c 3 minuty.<br \/>\n4. Doda\u0107 pomidory, s\u00f3l, bulion i dusi\u0107 pod przykryciem 15 minut.<br \/>\n5. Doda\u0107 pokrojon\u0105 w cienkie plasterki kie\u0142bas\u0119, dusi\u0107 zn\u00f3w 15 minut po czym doda\u0107 \u015bmietan\u0119, wymiesza\u0107.<br \/>\nGulasz taki podawa\u0107 z ziemniakami.<\/p>\n","protected":false},"excerpt":{"rendered":"<p>50 dag \u017c\u00f3\u0142tej fasolki szparagowej, 3 str\u0105ki papryki (po jednym z ka\u017cdego koloru), 30 dag chudej kie\u0142basy, du\u017ca cebula, 25 dag pomidor\u00f3w, 4 \u0142y\u017cki oliwy z oliwek,1\/4 szklanki bulionu z kostki,1\/2 szklanki \u015bmietany 1. Obran\u0105 fasolk\u0119 pokroi\u0107 na kawa\u0142ki, obgotowa\u0107 3 minuty we wrz\u0105cej lekko osolonej wodzie. odcedzi\u0107 i przela\u0107 zimn\u0105 wod\u0105, ods\u0105czy\u0107. 2. Papryk\u0119 [&hellip;]<\/p>\n","protected":false},"author":2,"featured_media":0,"comment_status":"open","ping_status":"open","sticky":false,"template":"","format":"standard","meta":{"footnotes":""},"categories":[1],"tags":[],"_links":{"self":[{"href":"https:\/\/blog.polityka.pl\/adamczewski\/wp-json\/wp\/v2\/posts\/11434"}],"collection":[{"href":"https:\/\/blog.polityka.pl\/adamczewski\/wp-json\/wp\/v2\/posts"}],"about":[{"href":"https:\/\/blog.polityka.pl\/adamczewski\/wp-json\/wp\/v2\/types\/post"}],"author":[{"embeddable":true,"href":"https:\/\/blog.polityka.pl\/adamczewski\/wp-json\/wp\/v2\/users\/2"}],"replies":[{"embeddable":true,"href":"https:\/\/blog.polityka.pl\/adamczewski\/wp-json\/wp\/v2\/comments?post=11434"}],"version-history":[{"count":0,"href":"https:\/\/blog.polityka.pl\/adamczewski\/wp-json\/wp\/v2\/posts\/11434\/revisions"}],"wp:attachment":[{"href":"https:\/\/blog.polityka.pl\/adamczewski\/wp-json\/wp\/v2\/media?parent=11434"}],"wp:term":[{"taxonomy":"category","embeddable":true,"href":"https:\/\/blog.polityka.pl\/adamczewski\/wp-json\/wp\/v2\/categories?post=11434"},{"taxonomy":"post_tag","embeddable":true,"href":"https:\/\/blog.polityka.pl\/adamczewski\/wp-json\/wp\/v2\/tags?post=11434"}],"curies":[{"name":"wp","href":"https:\/\/api.w.org\/{rel}","templated":true}]}}