
{"id":11435,"date":"2013-09-06T10:03:14","date_gmt":"2013-09-06T09:03:14","guid":{"rendered":"http:\/\/adamczewscy.pl\/?p=5066"},"modified":"2013-09-06T10:03:14","modified_gmt":"2013-09-06T09:03:14","slug":"szpinak-w-ciescie-filo","status":"publish","type":"post","link":"https:\/\/blog.polityka.pl\/adamczewski\/2013\/09\/06\/szpinak-w-ciescie-filo\/","title":{"rendered":"Szpinak w cie\u015bcie filo"},"content":{"rendered":"<p><em>Opakowanie ciasta fyllo, 30 dag sera feta, 1 kg szpinaku, 3 du\u017ce cebule, \u0142y\u017cka siekanej zielonej pietruszki, 1,5 szklanki oliwy z oliwek lub oleju, 1,5 szklanki zag\u0119szczonego nies\u0142odzonego mleka, 3 jajka, spora szczypta startej ga\u0142ki muszkato\u0142owej, s\u00f3l, pieprz<\/em><\/p>\n<p>1. Szpinak oczy\u015bci\u0107, umy\u0107, posoli\u0107 i wilgotny odstawi\u0107 na kilkana\u015bcie minut.<br \/>\n2. Posieka\u0107 cebul\u0119, ser rozdrobni\u0107 widelcem i wraz z zielon\u0105 siekan\u0105 pietruszk\u0105 doda\u0107 do szpinaku.<br \/>\n3. Do szpinaku tak\u017ce doda\u0107 rozbite jaja, mleko, po\u0142ow\u0119 porcji oliwy lub oleju, dok\u0142adnie wymiesza\u0107, doprawi\u0107 sol\u0105, pieprzem i ga\u0142k\u0105 muszkato\u0142ow\u0105.<br \/>\n4. Dok\u0142adnie posmarowa\u0107 olejem lub oliw\u0105 naczynie do zapiekania, wy\u0142o\u017cy\u0107 po\u0142ow\u0105 rozwa\u0142kowanego ciasta, prze\u0142o\u017cy\u0107 mas\u0119 szpinakow\u0105 i nakry\u0107 drug\u0105 po\u0142ow\u0105 ciasta. Wierzch posmarowa\u0107 oliw\u0105 lub olejem.<br \/>\n5. W piekarniku nagrzanym do 180 st. C piec 60-70 minut, gdyby wierzch zbyt si\u0119 rumieni\u0142 przykry\u0107 arkusikiem folii aluminiowej.<\/p>\n","protected":false},"excerpt":{"rendered":"<p>Opakowanie ciasta fyllo, 30 dag sera feta, 1 kg szpinaku, 3 du\u017ce cebule, \u0142y\u017cka siekanej zielonej pietruszki, 1,5 szklanki oliwy z oliwek lub oleju, 1,5 szklanki zag\u0119szczonego nies\u0142odzonego mleka, 3 jajka, spora szczypta startej ga\u0142ki muszkato\u0142owej, s\u00f3l, pieprz 1. Szpinak oczy\u015bci\u0107, umy\u0107, posoli\u0107 i wilgotny odstawi\u0107 na kilkana\u015bcie minut. 2. Posieka\u0107 cebul\u0119, ser rozdrobni\u0107 widelcem [&hellip;]<\/p>\n","protected":false},"author":2,"featured_media":0,"comment_status":"open","ping_status":"open","sticky":false,"template":"","format":"standard","meta":{"footnotes":""},"categories":[1],"tags":[],"_links":{"self":[{"href":"https:\/\/blog.polityka.pl\/adamczewski\/wp-json\/wp\/v2\/posts\/11435"}],"collection":[{"href":"https:\/\/blog.polityka.pl\/adamczewski\/wp-json\/wp\/v2\/posts"}],"about":[{"href":"https:\/\/blog.polityka.pl\/adamczewski\/wp-json\/wp\/v2\/types\/post"}],"author":[{"embeddable":true,"href":"https:\/\/blog.polityka.pl\/adamczewski\/wp-json\/wp\/v2\/users\/2"}],"replies":[{"embeddable":true,"href":"https:\/\/blog.polityka.pl\/adamczewski\/wp-json\/wp\/v2\/comments?post=11435"}],"version-history":[{"count":0,"href":"https:\/\/blog.polityka.pl\/adamczewski\/wp-json\/wp\/v2\/posts\/11435\/revisions"}],"wp:attachment":[{"href":"https:\/\/blog.polityka.pl\/adamczewski\/wp-json\/wp\/v2\/media?parent=11435"}],"wp:term":[{"taxonomy":"category","embeddable":true,"href":"https:\/\/blog.polityka.pl\/adamczewski\/wp-json\/wp\/v2\/categories?post=11435"},{"taxonomy":"post_tag","embeddable":true,"href":"https:\/\/blog.polityka.pl\/adamczewski\/wp-json\/wp\/v2\/tags?post=11435"}],"curies":[{"name":"wp","href":"https:\/\/api.w.org\/{rel}","templated":true}]}}