
{"id":11437,"date":"2013-09-13T08:28:23","date_gmt":"2013-09-13T07:28:23","guid":{"rendered":"http:\/\/adamczewscy.pl\/?p=5075"},"modified":"2013-09-13T08:28:23","modified_gmt":"2013-09-13T07:28:23","slug":"ciemniak-kakaowy","status":"publish","type":"post","link":"https:\/\/blog.polityka.pl\/adamczewski\/2013\/09\/13\/ciemniak-kakaowy\/","title":{"rendered":"?Ciemniak? kakaowy"},"content":{"rendered":"<p><em>50 dag m\u0105ki, 10 dag mas\u0142a, 1 i 1\/3 szklanki cukru, 2 jaja, 2 szklanki mleka, 4 \u0142y\u017ceczki ciemnego kakao, 1 i 1\/2 \u0142y\u017ceczki proszku do pieczenia,<br \/>\nDo posmarowania formy: \u0142y\u017ceczka mas\u0142a<br \/>\nDo wysypania formy: 2 \u0142y\u017cki tartej bu\u0142ki<br \/>\nDo posypania ciasta: 2 \u0142y\u017cki cukru  pudru<\/em><\/p>\n<p>1. Mas\u0142o utrze\u0107 z cukrem i jajami, stopniowo dodawa\u0107 m\u0105k\u0119 wymieszan\u0105 z proszkiem do pieczenia oraz wlewa\u0107 mleko i wsypywa\u0107  kakao.<br \/>\n2. Kiedy ciasto b\u0119dzie utarte i puszyste przela\u0107 je do wysmarowanej i wysypanej bu\u0142k\u0105 formy.<br \/>\n3. Piec godzin\u0119 w temperaturze 170 st. C, Kiedy troch\u0119 ostygnie po wyj\u0119ciu z piekarnika-posypa\u0107 przez sitko cukrem pudrem.<\/p>\n","protected":false},"excerpt":{"rendered":"<p>50 dag m\u0105ki, 10 dag mas\u0142a, 1 i 1\/3 szklanki cukru, 2 jaja, 2 szklanki mleka, 4 \u0142y\u017ceczki ciemnego kakao, 1 i 1\/2 \u0142y\u017ceczki proszku do pieczenia, Do posmarowania formy: \u0142y\u017ceczka mas\u0142a Do wysypania formy: 2 \u0142y\u017cki tartej bu\u0142ki Do posypania ciasta: 2 \u0142y\u017cki cukru pudru 1. Mas\u0142o utrze\u0107 z cukrem i jajami, stopniowo dodawa\u0107 [&hellip;]<\/p>\n","protected":false},"author":2,"featured_media":0,"comment_status":"open","ping_status":"open","sticky":false,"template":"","format":"standard","meta":{"footnotes":""},"categories":[1],"tags":[],"_links":{"self":[{"href":"https:\/\/blog.polityka.pl\/adamczewski\/wp-json\/wp\/v2\/posts\/11437"}],"collection":[{"href":"https:\/\/blog.polityka.pl\/adamczewski\/wp-json\/wp\/v2\/posts"}],"about":[{"href":"https:\/\/blog.polityka.pl\/adamczewski\/wp-json\/wp\/v2\/types\/post"}],"author":[{"embeddable":true,"href":"https:\/\/blog.polityka.pl\/adamczewski\/wp-json\/wp\/v2\/users\/2"}],"replies":[{"embeddable":true,"href":"https:\/\/blog.polityka.pl\/adamczewski\/wp-json\/wp\/v2\/comments?post=11437"}],"version-history":[{"count":0,"href":"https:\/\/blog.polityka.pl\/adamczewski\/wp-json\/wp\/v2\/posts\/11437\/revisions"}],"wp:attachment":[{"href":"https:\/\/blog.polityka.pl\/adamczewski\/wp-json\/wp\/v2\/media?parent=11437"}],"wp:term":[{"taxonomy":"category","embeddable":true,"href":"https:\/\/blog.polityka.pl\/adamczewski\/wp-json\/wp\/v2\/categories?post=11437"},{"taxonomy":"post_tag","embeddable":true,"href":"https:\/\/blog.polityka.pl\/adamczewski\/wp-json\/wp\/v2\/tags?post=11437"}],"curies":[{"name":"wp","href":"https:\/\/api.w.org\/{rel}","templated":true}]}}