
{"id":11438,"date":"2013-09-13T08:29:06","date_gmt":"2013-09-13T07:29:06","guid":{"rendered":"http:\/\/adamczewscy.pl\/?p=5077"},"modified":"2013-09-13T08:29:06","modified_gmt":"2013-09-13T07:29:06","slug":"baba-ucierana-smietankowa","status":"publish","type":"post","link":"https:\/\/blog.polityka.pl\/adamczewski\/2013\/09\/13\/baba-ucierana-smietankowa\/","title":{"rendered":"Baba ucierana \u015bmietankowa"},"content":{"rendered":"<p><em>6 jaj, 2 szklanki m\u0105ki, 25 dag mas\u0142a, szklanka cukru pudru, 2 \u0142y\u017ceczki proszku do pieczenia, 3 \u0142y\u017cki kwa\u015bnej \u015bmietany, otarta sk\u00f3rka z cytryny<br \/>\nDo wysmarowania formy: \u0142y\u017ceczka mas\u0142a<br \/>\nDo wysypania formy: 2 \u0142y\u017cki tartej bu\u0142ki<\/em><\/p>\n<p>1. Utrze\u0107  na pulchn\u0105 mas\u0119 mas\u0142o  z cukrem pudrem i otart\u0105 sk\u00f3rk\u0105 cytrynow\u0105. Pod koniec ucierania dodawa\u0107 \u017c\u00f3\u0142tka i na koniec m\u0105k\u0119 z proszkiem do pieczenia.<br \/>\n2. Ubi\u0107 sztywn\u0105 pian\u0119 i wraz ze, \u015bmietan\u0105 doda\u0107 do  ciasta, lekko wymiesza\u0107.<br \/>\n3. Form\u0119 wysmarowa\u0107 mas\u0142em, wysypa\u0107 tart\u0105 bu\u0142k\u0105 i prze\u0142o\u017cy\u0107 do niej ciasto.<br \/>\n4. W piekarniku o temperaturze 180 st. C piec  oko\u0142o 45 minut. Kiedy ostygnie mo\u017cna posypa\u0107  cukrem pudrem.<\/p>\n","protected":false},"excerpt":{"rendered":"<p>6 jaj, 2 szklanki m\u0105ki, 25 dag mas\u0142a, szklanka cukru pudru, 2 \u0142y\u017ceczki proszku do pieczenia, 3 \u0142y\u017cki kwa\u015bnej \u015bmietany, otarta sk\u00f3rka z cytryny Do wysmarowania formy: \u0142y\u017ceczka mas\u0142a Do wysypania formy: 2 \u0142y\u017cki tartej bu\u0142ki 1. Utrze\u0107 na pulchn\u0105 mas\u0119 mas\u0142o z cukrem pudrem i otart\u0105 sk\u00f3rk\u0105 cytrynow\u0105. Pod koniec ucierania dodawa\u0107 \u017c\u00f3\u0142tka i [&hellip;]<\/p>\n","protected":false},"author":2,"featured_media":0,"comment_status":"open","ping_status":"open","sticky":false,"template":"","format":"standard","meta":{"footnotes":""},"categories":[1],"tags":[],"_links":{"self":[{"href":"https:\/\/blog.polityka.pl\/adamczewski\/wp-json\/wp\/v2\/posts\/11438"}],"collection":[{"href":"https:\/\/blog.polityka.pl\/adamczewski\/wp-json\/wp\/v2\/posts"}],"about":[{"href":"https:\/\/blog.polityka.pl\/adamczewski\/wp-json\/wp\/v2\/types\/post"}],"author":[{"embeddable":true,"href":"https:\/\/blog.polityka.pl\/adamczewski\/wp-json\/wp\/v2\/users\/2"}],"replies":[{"embeddable":true,"href":"https:\/\/blog.polityka.pl\/adamczewski\/wp-json\/wp\/v2\/comments?post=11438"}],"version-history":[{"count":0,"href":"https:\/\/blog.polityka.pl\/adamczewski\/wp-json\/wp\/v2\/posts\/11438\/revisions"}],"wp:attachment":[{"href":"https:\/\/blog.polityka.pl\/adamczewski\/wp-json\/wp\/v2\/media?parent=11438"}],"wp:term":[{"taxonomy":"category","embeddable":true,"href":"https:\/\/blog.polityka.pl\/adamczewski\/wp-json\/wp\/v2\/categories?post=11438"},{"taxonomy":"post_tag","embeddable":true,"href":"https:\/\/blog.polityka.pl\/adamczewski\/wp-json\/wp\/v2\/tags?post=11438"}],"curies":[{"name":"wp","href":"https:\/\/api.w.org\/{rel}","templated":true}]}}