
{"id":11439,"date":"2013-09-13T08:31:32","date_gmt":"2013-09-13T07:31:32","guid":{"rendered":"http:\/\/adamczewscy.pl\/?p=5083"},"modified":"2013-09-13T08:31:32","modified_gmt":"2013-09-13T07:31:32","slug":"ciasteczka-cynamonowe","status":"publish","type":"post","link":"https:\/\/blog.polityka.pl\/adamczewski\/2013\/09\/13\/ciasteczka-cynamonowe\/","title":{"rendered":"Ciasteczka cynamonowe"},"content":{"rendered":"<p><em>6 jaj, 5 dag mas\u0142a, 1\/3 szklanki cukru, 3\/4 szklanki m\u0105ki, cukier  waniliowy, \u0142y\u017ceczka mielonego cynamonu, siekane migda\u0142y<\/em><\/p>\n<p>1. Ugotowa\u0107 4 jajka na twardo, wystudzi\u0107 i wyj\u0105\u0107 \u017c\u00f3\u0142tka.<br \/>\n2. \u017b\u00f3\u0142tka  utrze\u0107 z mas\u0142em, cukrem i   cukrem waniliowym, cynamonem i m\u0105k\u0105. Wbi\u0107  surowe jajko i uciera\u0107 wszystko razem oko\u0142o 15 minut.<br \/>\n3. Utarte ciasto  rozwa\u0142kowa\u0107  na grubo\u015b\u0107 5 mm posypuj\u0105c lekko  m\u0105k\u0105, powycina\u0107 szklank\u0105 kr\u0105\u017cki, pouk\u0142ada\u0107 je na blaszce posypanej m\u0105k\u0105, posmarowa\u0107 ubitym surowym jajkiem i posypa\u0107  siekanymi migda\u0142ami.<br \/>\n4. Piec  w temperaturze 170 st. C  do zrumienienia.<\/p>\n","protected":false},"excerpt":{"rendered":"<p>6 jaj, 5 dag mas\u0142a, 1\/3 szklanki cukru, 3\/4 szklanki m\u0105ki, cukier waniliowy, \u0142y\u017ceczka mielonego cynamonu, siekane migda\u0142y 1. Ugotowa\u0107 4 jajka na twardo, wystudzi\u0107 i wyj\u0105\u0107 \u017c\u00f3\u0142tka. 2. \u017b\u00f3\u0142tka utrze\u0107 z mas\u0142em, cukrem i cukrem waniliowym, cynamonem i m\u0105k\u0105. Wbi\u0107 surowe jajko i uciera\u0107 wszystko razem oko\u0142o 15 minut. 3. Utarte ciasto rozwa\u0142kowa\u0107 na [&hellip;]<\/p>\n","protected":false},"author":2,"featured_media":0,"comment_status":"open","ping_status":"open","sticky":false,"template":"","format":"standard","meta":{"footnotes":""},"categories":[1],"tags":[],"_links":{"self":[{"href":"https:\/\/blog.polityka.pl\/adamczewski\/wp-json\/wp\/v2\/posts\/11439"}],"collection":[{"href":"https:\/\/blog.polityka.pl\/adamczewski\/wp-json\/wp\/v2\/posts"}],"about":[{"href":"https:\/\/blog.polityka.pl\/adamczewski\/wp-json\/wp\/v2\/types\/post"}],"author":[{"embeddable":true,"href":"https:\/\/blog.polityka.pl\/adamczewski\/wp-json\/wp\/v2\/users\/2"}],"replies":[{"embeddable":true,"href":"https:\/\/blog.polityka.pl\/adamczewski\/wp-json\/wp\/v2\/comments?post=11439"}],"version-history":[{"count":0,"href":"https:\/\/blog.polityka.pl\/adamczewski\/wp-json\/wp\/v2\/posts\/11439\/revisions"}],"wp:attachment":[{"href":"https:\/\/blog.polityka.pl\/adamczewski\/wp-json\/wp\/v2\/media?parent=11439"}],"wp:term":[{"taxonomy":"category","embeddable":true,"href":"https:\/\/blog.polityka.pl\/adamczewski\/wp-json\/wp\/v2\/categories?post=11439"},{"taxonomy":"post_tag","embeddable":true,"href":"https:\/\/blog.polityka.pl\/adamczewski\/wp-json\/wp\/v2\/tags?post=11439"}],"curies":[{"name":"wp","href":"https:\/\/api.w.org\/{rel}","templated":true}]}}