
{"id":11450,"date":"2013-09-19T17:03:46","date_gmt":"2013-09-19T16:03:46","guid":{"rendered":"http:\/\/adamczewscy.pl\/?p=5093"},"modified":"2013-09-19T17:03:46","modified_gmt":"2013-09-19T16:03:46","slug":"salatka-owocowa-z-sosem-z-tofu","status":"publish","type":"post","link":"https:\/\/blog.polityka.pl\/adamczewski\/2013\/09\/19\/salatka-owocowa-z-sosem-z-tofu\/","title":{"rendered":"Sa\u0142atka owocowa z sosem z tofu"},"content":{"rendered":"<p><em>Ok. 50 dag r\u00f3\u017cnych owoc\u00f3w (maliny, kiwi, pomara\u0144cze, jab\u0142ka, gruszki, truskawki itd), 5 \u0142y\u017cek rodzynek<br \/>\nNa sos: 15 dag tofu, \u0142y\u017cka(lub wi\u0119cej, wed\u0142ug smaku)miodu, szczypta soli, spora szczypta cukru wanilinowego<\/em><\/p>\n<p>1. Przygotowa\u0107 owoce, kt\u00f3re trzeba obra\u0107 ze sk\u00f3rki, wszystkie pokroi\u0107 w cienkie plasterki, prze\u0142o\u017cy\u0107 do salaterki.<br \/>\n2. Rodzynki umy\u0107 osuszy\u0107.<br \/>\n3. Sk\u0142adniki  sosu zmiksowa\u0107, sa\u0142atk\u0119 pola\u0107 sosem i lekko wymiesza\u0107, po wierzchu posypa\u0107 rodzynkami. Sch\u0142odzi\u0107 w lod\u00f3wce.<\/p>\n","protected":false},"excerpt":{"rendered":"<p>Ok. 50 dag r\u00f3\u017cnych owoc\u00f3w (maliny, kiwi, pomara\u0144cze, jab\u0142ka, gruszki, truskawki itd), 5 \u0142y\u017cek rodzynek Na sos: 15 dag tofu, \u0142y\u017cka(lub wi\u0119cej, wed\u0142ug smaku)miodu, szczypta soli, spora szczypta cukru wanilinowego 1. Przygotowa\u0107 owoce, kt\u00f3re trzeba obra\u0107 ze sk\u00f3rki, wszystkie pokroi\u0107 w cienkie plasterki, prze\u0142o\u017cy\u0107 do salaterki. 2. Rodzynki umy\u0107 osuszy\u0107. 3. Sk\u0142adniki sosu zmiksowa\u0107, sa\u0142atk\u0119 [&hellip;]<\/p>\n","protected":false},"author":2,"featured_media":0,"comment_status":"open","ping_status":"open","sticky":false,"template":"","format":"standard","meta":{"footnotes":""},"categories":[1],"tags":[],"_links":{"self":[{"href":"https:\/\/blog.polityka.pl\/adamczewski\/wp-json\/wp\/v2\/posts\/11450"}],"collection":[{"href":"https:\/\/blog.polityka.pl\/adamczewski\/wp-json\/wp\/v2\/posts"}],"about":[{"href":"https:\/\/blog.polityka.pl\/adamczewski\/wp-json\/wp\/v2\/types\/post"}],"author":[{"embeddable":true,"href":"https:\/\/blog.polityka.pl\/adamczewski\/wp-json\/wp\/v2\/users\/2"}],"replies":[{"embeddable":true,"href":"https:\/\/blog.polityka.pl\/adamczewski\/wp-json\/wp\/v2\/comments?post=11450"}],"version-history":[{"count":0,"href":"https:\/\/blog.polityka.pl\/adamczewski\/wp-json\/wp\/v2\/posts\/11450\/revisions"}],"wp:attachment":[{"href":"https:\/\/blog.polityka.pl\/adamczewski\/wp-json\/wp\/v2\/media?parent=11450"}],"wp:term":[{"taxonomy":"category","embeddable":true,"href":"https:\/\/blog.polityka.pl\/adamczewski\/wp-json\/wp\/v2\/categories?post=11450"},{"taxonomy":"post_tag","embeddable":true,"href":"https:\/\/blog.polityka.pl\/adamczewski\/wp-json\/wp\/v2\/tags?post=11450"}],"curies":[{"name":"wp","href":"https:\/\/api.w.org\/{rel}","templated":true}]}}