
{"id":11452,"date":"2013-09-27T07:04:45","date_gmt":"2013-09-27T06:04:45","guid":{"rendered":"http:\/\/adamczewscy.pl\/?p=5101"},"modified":"2013-09-27T07:04:45","modified_gmt":"2013-09-27T06:04:45","slug":"vichyssoise-zupa-z-porow-i-ziemniakow","status":"publish","type":"post","link":"https:\/\/blog.polityka.pl\/adamczewski\/2013\/09\/27\/vichyssoise-zupa-z-porow-i-ziemniakow\/","title":{"rendered":"Vichyssoise ? zupa z por\u00f3w i ziemniak\u00f3w"},"content":{"rendered":"<p><em>4 ziemniaki, bia\u0142\u0105 cz\u0119\u015b\u0107 du\u017cego pora, 3 \u0142y\u017cki mas\u0142a, 3 szklanki bulionu z kostki (mo\u017ce by\u0107 wo\u0142owy lub warzywny), s\u00f3l, pieprz, szczypta startej ga\u0142ki muszkato\u0142owej, 4 \u0142y\u017cki kwa\u015bnej \u015bmietany, 2 \u0142y\u017cki siekanej zielonej pietruszki lub koperku<\/em><\/p>\n<p>1. Ziemniaki pokroi\u0107 w kostk\u0119, por pokroi\u0107 w drobne paseczki.<br \/>\n2. Podsma\u017cy\u0107 na ma\u015ble ziemniaki i pory przez kilka minut.<br \/>\n3. Do warzyw wla\u0107 bulion i gotowa\u0107 a\u017c zmi\u0119kn\u0105, odstawi\u0107 na kilka minut z ognia.<br \/>\n4. Zup\u0119 dok\u0142adnie zmiksowa\u0107, doda\u0107 \u015bmietan\u0119, doprawi\u0107  do smaku sol\u0105 i pieprzem.<br \/>\nPodawa\u0107 posypan\u0105 koperkiem lub zielon\u0105 pietruszk\u0105.<\/p>\n","protected":false},"excerpt":{"rendered":"<p>4 ziemniaki, bia\u0142\u0105 cz\u0119\u015b\u0107 du\u017cego pora, 3 \u0142y\u017cki mas\u0142a, 3 szklanki bulionu z kostki (mo\u017ce by\u0107 wo\u0142owy lub warzywny), s\u00f3l, pieprz, szczypta startej ga\u0142ki muszkato\u0142owej, 4 \u0142y\u017cki kwa\u015bnej \u015bmietany, 2 \u0142y\u017cki siekanej zielonej pietruszki lub koperku 1. Ziemniaki pokroi\u0107 w kostk\u0119, por pokroi\u0107 w drobne paseczki. 2. Podsma\u017cy\u0107 na ma\u015ble ziemniaki i pory przez kilka [&hellip;]<\/p>\n","protected":false},"author":2,"featured_media":0,"comment_status":"open","ping_status":"open","sticky":false,"template":"","format":"standard","meta":{"footnotes":""},"categories":[1],"tags":[],"_links":{"self":[{"href":"https:\/\/blog.polityka.pl\/adamczewski\/wp-json\/wp\/v2\/posts\/11452"}],"collection":[{"href":"https:\/\/blog.polityka.pl\/adamczewski\/wp-json\/wp\/v2\/posts"}],"about":[{"href":"https:\/\/blog.polityka.pl\/adamczewski\/wp-json\/wp\/v2\/types\/post"}],"author":[{"embeddable":true,"href":"https:\/\/blog.polityka.pl\/adamczewski\/wp-json\/wp\/v2\/users\/2"}],"replies":[{"embeddable":true,"href":"https:\/\/blog.polityka.pl\/adamczewski\/wp-json\/wp\/v2\/comments?post=11452"}],"version-history":[{"count":0,"href":"https:\/\/blog.polityka.pl\/adamczewski\/wp-json\/wp\/v2\/posts\/11452\/revisions"}],"wp:attachment":[{"href":"https:\/\/blog.polityka.pl\/adamczewski\/wp-json\/wp\/v2\/media?parent=11452"}],"wp:term":[{"taxonomy":"category","embeddable":true,"href":"https:\/\/blog.polityka.pl\/adamczewski\/wp-json\/wp\/v2\/categories?post=11452"},{"taxonomy":"post_tag","embeddable":true,"href":"https:\/\/blog.polityka.pl\/adamczewski\/wp-json\/wp\/v2\/tags?post=11452"}],"curies":[{"name":"wp","href":"https:\/\/api.w.org\/{rel}","templated":true}]}}