
{"id":11453,"date":"2013-09-27T07:06:02","date_gmt":"2013-09-27T06:06:02","guid":{"rendered":"http:\/\/adamczewscy.pl\/?p=5103"},"modified":"2013-09-27T07:06:02","modified_gmt":"2013-09-27T06:06:02","slug":"spaghetti-all-amatriciana","status":"publish","type":"post","link":"https:\/\/blog.polityka.pl\/adamczewski\/2013\/09\/27\/spaghetti-all-amatriciana\/","title":{"rendered":"Spaghetti all? Amatriciana"},"content":{"rendered":"<p><em>Ok. 40 dag makaronu spaghetti lub  bucatini, 15 dag chudego  boczku pokrojonego w s\u0142upki, 2 posiekane ostre papryczki, 2 posiekane z\u0105bki czosnku, 3 obrane ze sk\u00f3rki pomidory  pokrojone w kostk\u0119, 2 \u0142y\u017cki oliwy, s\u00f3l, pieprz, 4 \u0142y\u017cki startego parmezanu<\/em><\/p>\n<p>1. Na patelni\u0119 wla\u0107 oliw\u0119, chwil\u0119 rozgrzewa\u0107 i podsma\u017cy\u0107 pokrojony w paseczki boczek. Zrumieni\u0107.<br \/>\n2. Do podsma\u017conego boczku doda\u0107 papryczki i pomidory, dusi\u0107 sos, a\u017c zg\u0119stnieje, doprawi\u0107  sol\u0105 i pieprzem.<br \/>\n3. Makaron ugotowa\u0107 zgodnie z przepisem na opakowaniu, odcedzi\u0107 i wymiesza\u0107 z sosem, podawa\u0107 posypany parmezanem.<\/p>\n","protected":false},"excerpt":{"rendered":"<p>Ok. 40 dag makaronu spaghetti lub bucatini, 15 dag chudego boczku pokrojonego w s\u0142upki, 2 posiekane ostre papryczki, 2 posiekane z\u0105bki czosnku, 3 obrane ze sk\u00f3rki pomidory pokrojone w kostk\u0119, 2 \u0142y\u017cki oliwy, s\u00f3l, pieprz, 4 \u0142y\u017cki startego parmezanu 1. Na patelni\u0119 wla\u0107 oliw\u0119, chwil\u0119 rozgrzewa\u0107 i podsma\u017cy\u0107 pokrojony w paseczki boczek. Zrumieni\u0107. 2. Do [&hellip;]<\/p>\n","protected":false},"author":2,"featured_media":0,"comment_status":"open","ping_status":"open","sticky":false,"template":"","format":"standard","meta":{"footnotes":""},"categories":[1],"tags":[],"_links":{"self":[{"href":"https:\/\/blog.polityka.pl\/adamczewski\/wp-json\/wp\/v2\/posts\/11453"}],"collection":[{"href":"https:\/\/blog.polityka.pl\/adamczewski\/wp-json\/wp\/v2\/posts"}],"about":[{"href":"https:\/\/blog.polityka.pl\/adamczewski\/wp-json\/wp\/v2\/types\/post"}],"author":[{"embeddable":true,"href":"https:\/\/blog.polityka.pl\/adamczewski\/wp-json\/wp\/v2\/users\/2"}],"replies":[{"embeddable":true,"href":"https:\/\/blog.polityka.pl\/adamczewski\/wp-json\/wp\/v2\/comments?post=11453"}],"version-history":[{"count":0,"href":"https:\/\/blog.polityka.pl\/adamczewski\/wp-json\/wp\/v2\/posts\/11453\/revisions"}],"wp:attachment":[{"href":"https:\/\/blog.polityka.pl\/adamczewski\/wp-json\/wp\/v2\/media?parent=11453"}],"wp:term":[{"taxonomy":"category","embeddable":true,"href":"https:\/\/blog.polityka.pl\/adamczewski\/wp-json\/wp\/v2\/categories?post=11453"},{"taxonomy":"post_tag","embeddable":true,"href":"https:\/\/blog.polityka.pl\/adamczewski\/wp-json\/wp\/v2\/tags?post=11453"}],"curies":[{"name":"wp","href":"https:\/\/api.w.org\/{rel}","templated":true}]}}