
{"id":11454,"date":"2013-09-27T07:06:48","date_gmt":"2013-09-27T06:06:48","guid":{"rendered":"http:\/\/adamczewscy.pl\/?p=5105"},"modified":"2013-09-27T07:06:48","modified_gmt":"2013-09-27T06:06:48","slug":"filety-kurczece-zapiekane-z-pesto","status":"publish","type":"post","link":"https:\/\/blog.polityka.pl\/adamczewski\/2013\/09\/27\/filety-kurczece-zapiekane-z-pesto\/","title":{"rendered":"Filety kurcz\u0119ce zapiekane z pesto"},"content":{"rendered":"<p><em>4 pojedyncze filety z piersi kurczaka, s\u0142oiczek zielonego pesto, 2 \u0142y\u017cki oliwy, 3 \u0142y\u017cki ciemnych oliwek, 4 suszone pomidory w oliwie szklanka startej twardej mozzarelli<\/em><\/p>\n<p>1. Piersi kurczaka lekko osoli\u0107 i podsma\u017cy\u0107 na rumiano na oliwie na patelni.<br \/>\n2. Rozgrza\u0107 piekarnik do temp.200 st. C.<br \/>\n3. Na \u017caroodpornym p\u00f3\u0142misku u\u0142o\u017cy\u0107 podsma\u017cone piersi z kurczaka, posmarowa\u0107 je sosem pesto, na wierzchu u\u0142o\u017cy\u0107 oliwki i pokrojone w paski pomidory, posypa\u0107 startym serem.<br \/>\n4. Zapieka\u0107 oko\u0142o 15 minut, do momentu, kiedy ser si\u0119 stopi.<\/p>\n","protected":false},"excerpt":{"rendered":"<p>4 pojedyncze filety z piersi kurczaka, s\u0142oiczek zielonego pesto, 2 \u0142y\u017cki oliwy, 3 \u0142y\u017cki ciemnych oliwek, 4 suszone pomidory w oliwie szklanka startej twardej mozzarelli 1. Piersi kurczaka lekko osoli\u0107 i podsma\u017cy\u0107 na rumiano na oliwie na patelni. 2. Rozgrza\u0107 piekarnik do temp.200 st. C. 3. Na \u017caroodpornym p\u00f3\u0142misku u\u0142o\u017cy\u0107 podsma\u017cone piersi z kurczaka, posmarowa\u0107 [&hellip;]<\/p>\n","protected":false},"author":2,"featured_media":0,"comment_status":"open","ping_status":"open","sticky":false,"template":"","format":"standard","meta":{"footnotes":""},"categories":[1],"tags":[],"_links":{"self":[{"href":"https:\/\/blog.polityka.pl\/adamczewski\/wp-json\/wp\/v2\/posts\/11454"}],"collection":[{"href":"https:\/\/blog.polityka.pl\/adamczewski\/wp-json\/wp\/v2\/posts"}],"about":[{"href":"https:\/\/blog.polityka.pl\/adamczewski\/wp-json\/wp\/v2\/types\/post"}],"author":[{"embeddable":true,"href":"https:\/\/blog.polityka.pl\/adamczewski\/wp-json\/wp\/v2\/users\/2"}],"replies":[{"embeddable":true,"href":"https:\/\/blog.polityka.pl\/adamczewski\/wp-json\/wp\/v2\/comments?post=11454"}],"version-history":[{"count":0,"href":"https:\/\/blog.polityka.pl\/adamczewski\/wp-json\/wp\/v2\/posts\/11454\/revisions"}],"wp:attachment":[{"href":"https:\/\/blog.polityka.pl\/adamczewski\/wp-json\/wp\/v2\/media?parent=11454"}],"wp:term":[{"taxonomy":"category","embeddable":true,"href":"https:\/\/blog.polityka.pl\/adamczewski\/wp-json\/wp\/v2\/categories?post=11454"},{"taxonomy":"post_tag","embeddable":true,"href":"https:\/\/blog.polityka.pl\/adamczewski\/wp-json\/wp\/v2\/tags?post=11454"}],"curies":[{"name":"wp","href":"https:\/\/api.w.org\/{rel}","templated":true}]}}