
{"id":11455,"date":"2013-10-04T07:54:10","date_gmt":"2013-10-04T06:54:10","guid":{"rendered":"http:\/\/adamczewscy.pl\/?p=5113"},"modified":"2013-10-04T07:54:10","modified_gmt":"2013-10-04T06:54:10","slug":"zupa-ogorkowa-z-awokado","status":"publish","type":"post","link":"https:\/\/blog.polityka.pl\/adamczewski\/2013\/10\/04\/zupa-ogorkowa-z-awokado\/","title":{"rendered":"Zupa og\u00f3rkowa z awokado"},"content":{"rendered":"<p><em>2 zielone og\u00f3rki, por, awokado, 4 szklanki bulionu warzywnego z kostki, ?  szklanki \u015bmietany krem\u00f3wki, 1\/2 szklanki jogurtu naturalnego, 4 \u0142y\u017cki posiekanego koperku, \u0142y\u017cka oleju, s\u00f3l, pieprz, ga\u0142ka muszkato\u0142owa do smaku<\/em><\/p>\n<p>1. Og\u00f3rki obra\u0107, pokroi\u0107 w grubsze p\u00f3\u0142plasterki. Por umy\u0107, pokroi\u0107 w plasterki.<br \/>\n2. W garnku rozgrza\u0107 olej, doda\u0107 warzywa i  poddusi\u0107 je, po czym wla\u0107 2 szklanki bulionu i gotowa\u0107 ok.10 minut.<br \/>\n3.  Awokado przekroi\u0107, wyj\u0105\u0107 pestk\u0119 a mi\u0105\u017csz wydr\u0105\u017cy\u0107 i wraz z koperkiem doda\u0107 do zupy. Zmiksowa\u0107, dola\u0107 reszt\u0119 bulionu, doda\u0107 \u015bmietan\u0119 i jogurt, doprawi\u0107 sol\u0105 i pieprzem .<br \/>\n4. Na wierzchy posypa\u0107 odrobin\u0105 startej ga\u0142ki muszkato\u0142owej.<\/p>\n","protected":false},"excerpt":{"rendered":"<p>2 zielone og\u00f3rki, por, awokado, 4 szklanki bulionu warzywnego z kostki, ? szklanki \u015bmietany krem\u00f3wki, 1\/2 szklanki jogurtu naturalnego, 4 \u0142y\u017cki posiekanego koperku, \u0142y\u017cka oleju, s\u00f3l, pieprz, ga\u0142ka muszkato\u0142owa do smaku 1. Og\u00f3rki obra\u0107, pokroi\u0107 w grubsze p\u00f3\u0142plasterki. Por umy\u0107, pokroi\u0107 w plasterki. 2. W garnku rozgrza\u0107 olej, doda\u0107 warzywa i poddusi\u0107 je, po czym [&hellip;]<\/p>\n","protected":false},"author":2,"featured_media":0,"comment_status":"open","ping_status":"open","sticky":false,"template":"","format":"standard","meta":{"footnotes":""},"categories":[1],"tags":[],"_links":{"self":[{"href":"https:\/\/blog.polityka.pl\/adamczewski\/wp-json\/wp\/v2\/posts\/11455"}],"collection":[{"href":"https:\/\/blog.polityka.pl\/adamczewski\/wp-json\/wp\/v2\/posts"}],"about":[{"href":"https:\/\/blog.polityka.pl\/adamczewski\/wp-json\/wp\/v2\/types\/post"}],"author":[{"embeddable":true,"href":"https:\/\/blog.polityka.pl\/adamczewski\/wp-json\/wp\/v2\/users\/2"}],"replies":[{"embeddable":true,"href":"https:\/\/blog.polityka.pl\/adamczewski\/wp-json\/wp\/v2\/comments?post=11455"}],"version-history":[{"count":0,"href":"https:\/\/blog.polityka.pl\/adamczewski\/wp-json\/wp\/v2\/posts\/11455\/revisions"}],"wp:attachment":[{"href":"https:\/\/blog.polityka.pl\/adamczewski\/wp-json\/wp\/v2\/media?parent=11455"}],"wp:term":[{"taxonomy":"category","embeddable":true,"href":"https:\/\/blog.polityka.pl\/adamczewski\/wp-json\/wp\/v2\/categories?post=11455"},{"taxonomy":"post_tag","embeddable":true,"href":"https:\/\/blog.polityka.pl\/adamczewski\/wp-json\/wp\/v2\/tags?post=11455"}],"curies":[{"name":"wp","href":"https:\/\/api.w.org\/{rel}","templated":true}]}}