
{"id":11458,"date":"2013-10-04T07:58:25","date_gmt":"2013-10-04T06:58:25","guid":{"rendered":"http:\/\/adamczewscy.pl\/?p=5122"},"modified":"2013-10-04T07:58:25","modified_gmt":"2013-10-04T06:58:25","slug":"babeczki-cukiniowe","status":"publish","type":"post","link":"https:\/\/blog.polityka.pl\/adamczewski\/2013\/10\/04\/babeczki-cukiniowe\/","title":{"rendered":"Babeczki cukiniowe"},"content":{"rendered":"<p><em>3 \u015brednie cukinie (\u0142\u0105cznie wagi oko\u0142o 60 dag), 3 ziemniaki, 2 cebule, 10 dag sera ricotta, 3 jaja, 3 \u0142y\u017cki tartej bu\u0142ki, s\u00f3l, pieprz, 2 z\u0105bki czosnku, majeranek do smaku , 3 &#8211; 4 \u0142y\u017cki oleju z pestek winogron<\/em><\/p>\n<p>1. Ugotowa\u0107 ziemniaki w \u0142upinach, ostudzi\u0107, przecisn\u0105\u0107 przez prask\u0119.<br \/>\n2. Cebule posieka\u0107 bardzo drobno i zeszkli\u0107 na  oleju z pestek winogron.<br \/>\n3. Obrane i pokrojone cukinie i  przeci\u015bni\u0119ty  przez prask\u0119 czosnek  doda\u0107 do cebuli, wraz z przyprawami i zio\u0142ami i dusi\u0107 10 minut. Odstawi\u0107 do przestudzenia.<br \/>\n4. Do masy cukiniowej doda\u0107 ziemniaki, ser  i rozbite jaja oraz tart\u0105 bu\u0142k\u0119.<br \/>\n5.Do silikonowych foremek na babeczki (mufinki) nak\u0142ada\u0107 mas\u0119 cukiniowa. Piec w piekarniku nagrzanym do 180 st. C oko\u0142o 30 minut.<br \/>\nDoskonale smakuje z keczupem lub  tylko z dodatkiem sa\u0142atki pomidorowej.<\/p>\n","protected":false},"excerpt":{"rendered":"<p>3 \u015brednie cukinie (\u0142\u0105cznie wagi oko\u0142o 60 dag), 3 ziemniaki, 2 cebule, 10 dag sera ricotta, 3 jaja, 3 \u0142y\u017cki tartej bu\u0142ki, s\u00f3l, pieprz, 2 z\u0105bki czosnku, majeranek do smaku , 3 &#8211; 4 \u0142y\u017cki oleju z pestek winogron 1. Ugotowa\u0107 ziemniaki w \u0142upinach, ostudzi\u0107, przecisn\u0105\u0107 przez prask\u0119. 2. Cebule posieka\u0107 bardzo drobno i zeszkli\u0107 [&hellip;]<\/p>\n","protected":false},"author":2,"featured_media":0,"comment_status":"open","ping_status":"open","sticky":false,"template":"","format":"standard","meta":{"footnotes":""},"categories":[1],"tags":[],"_links":{"self":[{"href":"https:\/\/blog.polityka.pl\/adamczewski\/wp-json\/wp\/v2\/posts\/11458"}],"collection":[{"href":"https:\/\/blog.polityka.pl\/adamczewski\/wp-json\/wp\/v2\/posts"}],"about":[{"href":"https:\/\/blog.polityka.pl\/adamczewski\/wp-json\/wp\/v2\/types\/post"}],"author":[{"embeddable":true,"href":"https:\/\/blog.polityka.pl\/adamczewski\/wp-json\/wp\/v2\/users\/2"}],"replies":[{"embeddable":true,"href":"https:\/\/blog.polityka.pl\/adamczewski\/wp-json\/wp\/v2\/comments?post=11458"}],"version-history":[{"count":0,"href":"https:\/\/blog.polityka.pl\/adamczewski\/wp-json\/wp\/v2\/posts\/11458\/revisions"}],"wp:attachment":[{"href":"https:\/\/blog.polityka.pl\/adamczewski\/wp-json\/wp\/v2\/media?parent=11458"}],"wp:term":[{"taxonomy":"category","embeddable":true,"href":"https:\/\/blog.polityka.pl\/adamczewski\/wp-json\/wp\/v2\/categories?post=11458"},{"taxonomy":"post_tag","embeddable":true,"href":"https:\/\/blog.polityka.pl\/adamczewski\/wp-json\/wp\/v2\/tags?post=11458"}],"curies":[{"name":"wp","href":"https:\/\/api.w.org\/{rel}","templated":true}]}}