
{"id":1150,"date":"2009-08-28T08:00:24","date_gmt":"2009-08-28T06:00:24","guid":{"rendered":"http:\/\/adamczewski.blog.polityka.pl\/?p=1150"},"modified":"2009-08-25T17:12:13","modified_gmt":"2009-08-25T15:12:13","slug":"wyznania-leniwego-smakosza","status":"publish","type":"post","link":"https:\/\/blog.polityka.pl\/adamczewski\/2009\/08\/28\/wyznania-leniwego-smakosza\/","title":{"rendered":"Wyznania leniwego smakosza"},"content":{"rendered":"<p>W ostatnim czasie\u00a0 bardzo du\u017co pracuj\u0119 czyli pisz\u0119. A pisanie jest nami\u0119tno\u015bci\u0105 wy\u0142\u0105cznie grafoman\u00f3w. Sam zna\u0142em kilku takich, kt\u00f3rzy m\u00f3wili: &#8211; nie jestem prze\u017cy\u0107 dnia bez napisania cho\u0107 kilku stron. I prawd\u0119 m\u00f3wi\u0105c nic ciekawego z tego ich pisania nie wynika\u0142o. Ja natomiast, zarabiaj\u0105c na \u017cycie od p\u00f3\u0142wiecza przy pomocy pi\u00f3ra (czytaj\u00a0&#8211; komputera, a poprzednio maszyny do pisania), pisz\u0119 gdy musz\u0119. W ostatnim okresie za\u015b musia\u0142em, bo wydawca kolejnej ksi\u0105\u017cki ostro naciska.<\/p>\n<p>Nad g\u0142ow\u0105 kr\u0105\u017c\u0105 s\u00f3jki, za p\u0142otem wrzeszcz\u0105 \u017curawie szykuj\u0105ce si\u0119 do odlotu, wiewi\u00f3rki ganiaj\u0105 po sosnach a ja na werandzie klepi\u0119 w klawisze. Wreszcie sko\u0144czy\u0142em ostatni rozdzia\u0142 i wys\u0142a\u0142em gdzie trzeba czyli do mojej agentki i teraz tylko czekam na aneks do umowy i przelew.<\/p>\n<p>Musz\u0119 wi\u0119c (i chc\u0119 oczywi\u015bcie) odpocz\u0105\u0107 od tej pisaniny. Szykuj\u0119 si\u0119 wi\u0119c z rado\u015bci\u0105 na przyjazd paOLOre, kt\u00f3ry zawadzi o moja wie\u015b w drodze nad morze, przygotowuj\u0119 si\u0119 ostro\u017cnie do Zjazdu i podr\u00f3\u017cy nad fiordy, gotuj\u0119 wymy\u015blne i niewymy\u015blne dania, dobieram do nich wina i&#8230; uciekam od klawiatury.<\/p>\n<p>Mam nadziej\u0119, \u017ce to zrozumiecie i mi wybaczycie. Ale \u017ceby blog nie \u015bwieci\u0142 pustkami wrzucam (dzie\u0144 po dniu) par\u0119 zdj\u0119\u0107 z wype\u0142nionymi talerzami. Bez podpis\u00f3w. A Wy sami mo\u017cecie te podpisy dorobi\u0107. Zobaczymy co z tego wyniknie.<\/p>\n<p>Mi\u0142ej zabawy!<\/p>\n<p><a href=\"\/wp-content\/uploads\/2009\/08\/zabawa-p8160221.jpg\"><img loading=\"lazy\" decoding=\"async\" class=\"aligncenter size-full wp-image-1151\" title=\"zabawa-p8160221\" src=\"\/wp-content\/uploads\/2009\/08\/zabawa-p8160221.jpg\" alt=\"\" width=\"500\" height=\"375\" srcset=\"\/adamczewski\/wp-content\/uploads\/2009\/08\/zabawa-p8160221.jpg 640w, \/adamczewski\/wp-content\/uploads\/2009\/08\/zabawa-p8160221-300x225.jpg 300w\" sizes=\"(max-width: 500px) 100vw, 500px\" \/><\/a><\/p>\n<p>\u00a0<\/p>\n<p><a href=\"\/wp-content\/uploads\/2009\/08\/zabawa-9-p8160214.jpg\"><img loading=\"lazy\" decoding=\"async\" class=\"aligncenter size-full wp-image-1152\" title=\"zabawa-9-p8160214\" src=\"\/wp-content\/uploads\/2009\/08\/zabawa-9-p8160214.jpg\" alt=\"\" width=\"500\" height=\"375\" srcset=\"\/adamczewski\/wp-content\/uploads\/2009\/08\/zabawa-9-p8160214.jpg 640w, \/adamczewski\/wp-content\/uploads\/2009\/08\/zabawa-9-p8160214-300x225.jpg 300w\" sizes=\"(max-width: 500px) 100vw, 500px\" \/><\/a><\/p>\n<p>\u00a0<\/p>\n<p><a href=\"\/wp-content\/uploads\/2009\/08\/zabawa-7-p8160216.jpg\"><img loading=\"lazy\" decoding=\"async\" class=\"aligncenter size-full wp-image-1153\" title=\"zabawa-7-p8160216\" src=\"\/wp-content\/uploads\/2009\/08\/zabawa-7-p8160216.jpg\" alt=\"\" width=\"500\" height=\"375\" srcset=\"\/adamczewski\/wp-content\/uploads\/2009\/08\/zabawa-7-p8160216.jpg 640w, \/adamczewski\/wp-content\/uploads\/2009\/08\/zabawa-7-p8160216-300x225.jpg 300w\" sizes=\"(max-width: 500px) 100vw, 500px\" \/><\/a><\/p>\n<p>\u00a0<\/p>\n<p><a href=\"\/wp-content\/uploads\/2009\/08\/zabawa-6-p8160218.jpg\"><img loading=\"lazy\" decoding=\"async\" class=\"aligncenter size-full wp-image-1154\" title=\"zabawa-6-p8160218\" src=\"\/wp-content\/uploads\/2009\/08\/zabawa-6-p8160218.jpg\" alt=\"\" width=\"500\" height=\"375\" srcset=\"\/adamczewski\/wp-content\/uploads\/2009\/08\/zabawa-6-p8160218.jpg 640w, \/adamczewski\/wp-content\/uploads\/2009\/08\/zabawa-6-p8160218-300x225.jpg 300w\" sizes=\"(max-width: 500px) 100vw, 500px\" \/><\/a><\/p>\n<p>\u00a0<\/p>\n<p><a href=\"\/wp-content\/uploads\/2009\/08\/zabawa-5-p8160220.jpg\"><img loading=\"lazy\" decoding=\"async\" class=\"aligncenter size-full wp-image-1155\" title=\"zabawa-5-p8160220\" src=\"\/wp-content\/uploads\/2009\/08\/zabawa-5-p8160220.jpg\" alt=\"\" width=\"500\" height=\"375\" srcset=\"\/adamczewski\/wp-content\/uploads\/2009\/08\/zabawa-5-p8160220.jpg 640w, \/adamczewski\/wp-content\/uploads\/2009\/08\/zabawa-5-p8160220-300x225.jpg 300w\" sizes=\"(max-width: 500px) 100vw, 500px\" \/><\/a><\/p>\n<p>\u00a0<\/p>\n<p><a href=\"\/wp-content\/uploads\/2009\/08\/zabawa-4p8160215.jpg\"><img loading=\"lazy\" decoding=\"async\" class=\"aligncenter size-full wp-image-1157\" title=\"zabawa-4p8160215\" src=\"\/wp-content\/uploads\/2009\/08\/zabawa-4p8160215.jpg\" alt=\"\" width=\"500\" height=\"375\" srcset=\"\/adamczewski\/wp-content\/uploads\/2009\/08\/zabawa-4p8160215.jpg 640w, \/adamczewski\/wp-content\/uploads\/2009\/08\/zabawa-4p8160215-300x225.jpg 300w\" sizes=\"(max-width: 500px) 100vw, 500px\" \/><\/a><a href=\"\/wp-content\/uploads\/2009\/08\/zabawa-3-p8160217.jpg\"><img loading=\"lazy\" decoding=\"async\" class=\"aligncenter size-full wp-image-1158\" title=\"zabawa-3-p8160217\" src=\"\/wp-content\/uploads\/2009\/08\/zabawa-3-p8160217.jpg\" alt=\"\" width=\"500\" height=\"375\" srcset=\"\/adamczewski\/wp-content\/uploads\/2009\/08\/zabawa-3-p8160217.jpg 640w, \/adamczewski\/wp-content\/uploads\/2009\/08\/zabawa-3-p8160217-300x225.jpg 300w\" sizes=\"(max-width: 500px) 100vw, 500px\" \/><\/a><a href=\"\/wp-content\/uploads\/2009\/08\/zabawa-2p8160219.jpg\"><img loading=\"lazy\" decoding=\"async\" class=\"aligncenter size-full wp-image-1159\" title=\"zabawa-2p8160219\" src=\"\/wp-content\/uploads\/2009\/08\/zabawa-2p8160219.jpg\" alt=\"\" width=\"500\" height=\"375\" srcset=\"\/adamczewski\/wp-content\/uploads\/2009\/08\/zabawa-2p8160219.jpg 640w, \/adamczewski\/wp-content\/uploads\/2009\/08\/zabawa-2p8160219-300x225.jpg 300w\" sizes=\"(max-width: 500px) 100vw, 500px\" \/><\/a><a href=\"\/wp-content\/uploads\/2009\/08\/zabawa-4p81602151.jpg\"><\/a><\/p>\n<p>I tyle zabawy na koniec tygodnia. A wszystko to zjad\u0142em w ostatnim czasie i na blogu opisa\u0142em.<a href=\"\/wp-content\/uploads\/2009\/08\/zabawa-5-p81602201.jpg\"><\/a><\/p>\n","protected":false},"excerpt":{"rendered":"<p>W ostatnim czasie\u00a0 bardzo du\u017co pracuj\u0119 czyli pisz\u0119. A pisanie jest nami\u0119tno\u015bci\u0105 wy\u0142\u0105cznie grafoman\u00f3w. Sam zna\u0142em kilku takich, kt\u00f3rzy m\u00f3wili: &#8211; nie jestem prze\u017cy\u0107 dnia bez napisania cho\u0107 kilku stron. I prawd\u0119 m\u00f3wi\u0105c nic ciekawego z tego ich pisania nie wynika\u0142o. Ja natomiast, zarabiaj\u0105c na \u017cycie od p\u00f3\u0142wiecza przy pomocy pi\u00f3ra (czytaj\u00a0&#8211; komputera, a poprzednio [&hellip;]<\/p>\n","protected":false},"author":2,"featured_media":0,"comment_status":"open","ping_status":"open","sticky":false,"template":"","format":"standard","meta":{"footnotes":""},"categories":[1],"tags":[],"_links":{"self":[{"href":"https:\/\/blog.polityka.pl\/adamczewski\/wp-json\/wp\/v2\/posts\/1150"}],"collection":[{"href":"https:\/\/blog.polityka.pl\/adamczewski\/wp-json\/wp\/v2\/posts"}],"about":[{"href":"https:\/\/blog.polityka.pl\/adamczewski\/wp-json\/wp\/v2\/types\/post"}],"author":[{"embeddable":true,"href":"https:\/\/blog.polityka.pl\/adamczewski\/wp-json\/wp\/v2\/users\/2"}],"replies":[{"embeddable":true,"href":"https:\/\/blog.polityka.pl\/adamczewski\/wp-json\/wp\/v2\/comments?post=1150"}],"version-history":[{"count":0,"href":"https:\/\/blog.polityka.pl\/adamczewski\/wp-json\/wp\/v2\/posts\/1150\/revisions"}],"wp:attachment":[{"href":"https:\/\/blog.polityka.pl\/adamczewski\/wp-json\/wp\/v2\/media?parent=1150"}],"wp:term":[{"taxonomy":"category","embeddable":true,"href":"https:\/\/blog.polityka.pl\/adamczewski\/wp-json\/wp\/v2\/categories?post=1150"},{"taxonomy":"post_tag","embeddable":true,"href":"https:\/\/blog.polityka.pl\/adamczewski\/wp-json\/wp\/v2\/tags?post=1150"}],"curies":[{"name":"wp","href":"https:\/\/api.w.org\/{rel}","templated":true}]}}