
{"id":116,"date":"2007-01-03T09:00:12","date_gmt":"2007-01-03T08:00:12","guid":{"rendered":"http:\/\/adamczewski.blog.polityka.pl\/?p=116"},"modified":"2007-01-03T12:10:29","modified_gmt":"2007-01-03T11:10:29","slug":"co-gotujemy-21","status":"publish","type":"post","link":"https:\/\/blog.polityka.pl\/adamczewski\/2007\/01\/03\/co-gotujemy-21\/","title":{"rendered":"Co gotujemy? (21)"},"content":{"rendered":"<p>Uda\u0142o si\u0119 prze\u017cy\u0107 \u015awi\u0119ta i Sylwestra. Dotarli\u015bmy do roku 2007. Rozpoczynamy wi\u0119c nowe \u017cycie zagadkowe. Tzn. quizy b\u0119d\u0105 nowe ale na star\u0105 mod\u0142\u0119. Nowe te\u017c b\u0119d\u0105 (czasem) nagrody. Oto dzi\u015b mo\u017cna wygra\u0107 odpowiadaj\u0105c prawid\u0142owo na trzy pytania specjalny pojemnik do kruszenia suchych zi\u00f3\u0142. Jest to projekt (patrz foto) znanego m\u0142odego mistrza kuchni Jaimiego Oliviera. Wystarczy w\u0142o\u017cy\u0107 zio\u0142a do pojemnika, zamkn\u0105\u0107 go i potrz\u0105sa\u0107 jak shakerem. Ci\u0119\u017cka kulka skruszy je na proszek.<\/p>\n<p><img loading=\"lazy\" decoding=\"async\" title=\"mikser03.jpg\" height=\"200\" alt=\"mikser03.jpg\" src=\"http:\/\/adamczewski.blog.polityka.pl\/wp-content\/uploads\/mikser03.jpg\" width=\"300\" border=\"0\" \/><\/p>\n<p>A oto pytania:<\/p>\n<p>1) Co wchodzi w sk\u0142ad p\u0119czka bouquet garni?<\/p>\n<p>2) Co to jest wawrzyn szlachetny?<\/p>\n<p>3) W staro\u017cytno\u015bci (i u Grek\u00f3w, i u Rzymian) wrotycz by\u0142 zio\u0142em symbolicznym; co symbolizowa\u0142 ten \u017c\u00f3\u0142ty kwiatek z g\u0119stymi zielonymi listkami przypominaj\u0105cymi paprotk\u0119?<br \/>\n<img loading=\"lazy\" decoding=\"async\" title=\"mikser04.jpg\" height=\"313\" alt=\"mikser04.jpg\" src=\"http:\/\/adamczewski.blog.polityka.pl\/wp-content\/uploads\/mikser04.jpg\" width=\"250\" border=\"0\" \/><\/p>\n<p>Odpowiedzi jak zwykle prosz\u0119 nadsy\u0142a\u0107 na adres:<\/p>\n<p><a href=\"mailto:internet@polityka.com.pl\">internet@polityka.com.pl<\/a><\/p>\n<p>Kto pierwszy ten lepszy &#8211; czyli pierwsza prawid\u0142owa odpowied\u017a b\u0119dzie nagrodzona.<\/p>\n","protected":false},"excerpt":{"rendered":"<p>Uda\u0142o si\u0119 prze\u017cy\u0107 \u015awi\u0119ta i Sylwestra. Dotarli\u015bmy do roku 2007. Rozpoczynamy wi\u0119c nowe \u017cycie zagadkowe. Tzn. quizy b\u0119d\u0105 nowe ale na star\u0105 mod\u0142\u0119. Nowe te\u017c b\u0119d\u0105 (czasem) nagrody. Oto dzi\u015b mo\u017cna wygra\u0107 odpowiadaj\u0105c prawid\u0142owo na trzy pytania specjalny pojemnik do kruszenia suchych zi\u00f3\u0142. Jest to projekt (patrz foto) znanego m\u0142odego mistrza kuchni Jaimiego Oliviera. Wystarczy [&hellip;]<\/p>\n","protected":false},"author":2,"featured_media":0,"comment_status":"open","ping_status":"open","sticky":false,"template":"","format":"standard","meta":{"footnotes":""},"categories":[1],"tags":[],"_links":{"self":[{"href":"https:\/\/blog.polityka.pl\/adamczewski\/wp-json\/wp\/v2\/posts\/116"}],"collection":[{"href":"https:\/\/blog.polityka.pl\/adamczewski\/wp-json\/wp\/v2\/posts"}],"about":[{"href":"https:\/\/blog.polityka.pl\/adamczewski\/wp-json\/wp\/v2\/types\/post"}],"author":[{"embeddable":true,"href":"https:\/\/blog.polityka.pl\/adamczewski\/wp-json\/wp\/v2\/users\/2"}],"replies":[{"embeddable":true,"href":"https:\/\/blog.polityka.pl\/adamczewski\/wp-json\/wp\/v2\/comments?post=116"}],"version-history":[{"count":0,"href":"https:\/\/blog.polityka.pl\/adamczewski\/wp-json\/wp\/v2\/posts\/116\/revisions"}],"wp:attachment":[{"href":"https:\/\/blog.polityka.pl\/adamczewski\/wp-json\/wp\/v2\/media?parent=116"}],"wp:term":[{"taxonomy":"category","embeddable":true,"href":"https:\/\/blog.polityka.pl\/adamczewski\/wp-json\/wp\/v2\/categories?post=116"},{"taxonomy":"post_tag","embeddable":true,"href":"https:\/\/blog.polityka.pl\/adamczewski\/wp-json\/wp\/v2\/tags?post=116"}],"curies":[{"name":"wp","href":"https:\/\/api.w.org\/{rel}","templated":true}]}}