
{"id":11658,"date":"2014-01-27T07:00:56","date_gmt":"2014-01-27T06:00:56","guid":{"rendered":"http:\/\/adamczewski.blog.polityka.pl\/?p=11658"},"modified":"2014-01-27T08:37:49","modified_gmt":"2014-01-27T07:37:49","slug":"list-do-milosnikow-serow","status":"publish","type":"post","link":"https:\/\/blog.polityka.pl\/adamczewski\/2014\/01\/27\/list-do-milosnikow-serow\/","title":{"rendered":"List do mi\u0142osnik\u00f3w ser\u00f3w"},"content":{"rendered":"<p>Dosta\u0142em list z Francji, dok\u0142adniej &#8211; ze stolicy smaku czyli z Lyonu. Napisa\u0142a go czytelniczka &#8222;Polityki&#8221; kieruj\u0105c swe wynurzenia do redakcji wi\u0119c mog\u0119 go chyba opublikowa\u0107 i na blogu. Zw\u0142aszcza, \u017ce list porusza kwestie bliskie nam wszystkim &#8211; smaku sera.<\/p>\n<p><!--more--><\/p>\n<p>W korespondencji, kt\u00f3ra si\u0119 potem wywi\u0105za\u0142a, podzi\u0119kowa\u0142em za ciekawe informacje i adres umo\u017cliwiaj\u0105cy spr\u00f3bowanie tego smako\u0142yku u \u017ar\u00f3d\u0142a czyli w Normandii. A oto fragment listu:<\/p>\n<p>&#8222;Jak zawsze z wielkim zainteresowaniem przeczyta\u0142am kolejny Pana artyku\u0142, tym razem &#8222;Karnawa\u0142 z mistrzem&#8221;. Wspomina Pan w artykule, \u017ce Jean Anthelme Brillat-Savarin urodzi\u0142 si\u0119 w Bellay niedaleko Lyonu, gastronomicznego zag\u0142\u0119bia Francji (z kt\u00f3rego urok\u00f3w korzystam, poniewa\u017c w mie\u015bcie tym mieszkam) i mia\u0142 zosta\u0107 s\u0119dzi\u0105. Nie wspomina Pan jednak, \u017ce za zas\u0142ugi gastronomiczne jego nazwiskiem nazwano ser produkowany na drugim kra\u0144cu Francji, w Normandii.<\/p>\n<p><a href=\"\/wp-content\/uploads\/2014\/01\/sery.jpg\"><img loading=\"lazy\" decoding=\"async\" class=\"aligncenter size-medium wp-image-11661\" title=\"OLYMPUS DIGITAL CAMERA\" src=\"\/wp-content\/uploads\/2014\/01\/sery-300x225.jpg\" alt=\"\" width=\"300\" height=\"225\" srcset=\"\/adamczewski\/wp-content\/uploads\/2014\/01\/sery-300x225.jpg 300w, \/adamczewski\/wp-content\/uploads\/2014\/01\/sery.jpg 640w\" sizes=\"(max-width: 300px) 100vw, 300px\" \/><\/a><em>Sery francuskie (z lewej u g\u00f3ry camembert) Fot. P. Adamczewski <\/em><\/p>\n<p>Zak\u0142adaj\u0105c, \u017ce jako smakosz, nie ukry\u0142by Pan takiej informacji przed czytelnikami, to jako amatorka tego sera (oraz kilku innych) pozwol\u0119 sobie na podanie kilku szczeg\u00f3\u0142\u00f3w.<\/p>\n<p>Ser ten wytwarzany by\u0142 przez rodzin\u0119 Dubuc w miejscowo\u015bci Forges-les-Eaux (departament Seine-Maritime) od ok. 1890 roku i pocz\u0105tkowo nazywa\u0142 si\u0119 &#8222;Excelsior&#8221; lub &#8222;Delice des gourmets&#8221; (&#8222;Rozkosz smakoszy&#8221;). W latach 30. ubieg\u0142ego wieku, negocjant serowarski Henri Androuet postanowi\u0142 przemianowa\u0107 ser na &#8222;Brillat-Savarin&#8221; za wybitne zas\u0142ugi gastronoma. Nazwa przyj\u0119\u0142a si\u0119 szybko, poniewa\u017c Androuet sprzedawa\u0142 sery w samym Pary\u017cu; jako pierwszy wpad\u0142 on na pomys\u0142, aby do Pary\u017ca zwozi\u0107 sery z r\u00f3\u017cnych, cz\u0119sto odleg\u0142ych region\u00f3w. Degustowa\u0142 je i kupowa\u0142 u samych serowar\u00f3w, dzi\u0119ki temu sery Francji nie mia\u0142y dla niego \u017cadnych tajemnic. Ze sklepu wyp\u0105czkowa\u0142a r\u00f3wnie\u017c renomowana &#8222;piwnica serowa&#8221; (&#8222;cave a fromages&#8221;), a dzi\u015b sery kupi\u0107 mo\u017cna w siedmiu sklepach paryskich, w Wielkie Brytanii oraz w Szwecji, (<span style=\"text-decoration: underline;\"><a href=\"http:\/\/androuet.com\/index.php\">http:\/\/androuet.com\/index.php<\/a><\/span>)<\/p>\n<p>Wracaj\u0105c do sera, cudo to z mleka krowiego jest potr\u00f3jnie kremowe, &#8222;triple creme&#8221;, czyli zawiera 75% t\u0142uszczu w gotowym produkcie, ale nic to! Ser mo\u017cna degustowa\u0107 \u015bwie\u017cy, jest wtedy podobny do naszego t\u0142ustego twarogu, cho\u0107 bardziej s\u0142ony, lub te\u017c w r\u00f3\u017cnym stopniu dojrza\u0142o\u015bci, pokryty aksamitn\u0105 sk\u00f3rk\u0105, w konsystencji, ale ju\u017c nie w smaku, por\u00f3wnywalny z camembertem. Najlepszy czas na degustacj\u0119 przypada na okres od kwietnia do pa\u017adziernika. Poza tym okresem dost\u0119pne s\u0105 na szcz\u0119\u015bcie sery alpejskie.<\/p>\n<p>A teraz, wybaczy Pan, ale musz\u0119 si\u0119 uda\u0107 na wcze\u015bniejsz\u0105 kolacj\u0119, bo od tego pisania o serach zg\u0142odnia\u0142am (a w dodatku upiek\u0142am dzi\u015b domowy chleb).<\/p>\n<p>Serdecznie pozdrawiam,<\/p>\n<p>Roma G.&#8221;<\/p>\n<p>Mam nadziej\u0119, \u017ce kolacja by\u0142a udana. A ja &#8211; i jak mniemam blogowicze &#8211; mamy zn\u00f3w o czym marzy\u0107.<\/p>\n","protected":false},"excerpt":{"rendered":"<p>Dosta\u0142em list z Francji, dok\u0142adniej &#8211; ze stolicy smaku czyli z Lyonu. Napisa\u0142a go czytelniczka &#8222;Polityki&#8221; kieruj\u0105c swe wynurzenia do redakcji wi\u0119c mog\u0119 go chyba opublikowa\u0107 i na blogu. Zw\u0142aszcza, \u017ce list porusza kwestie bliskie nam wszystkim &#8211; smaku sera.<\/p>\n","protected":false},"author":2,"featured_media":0,"comment_status":"open","ping_status":"closed","sticky":false,"template":"","format":"standard","meta":{"footnotes":""},"categories":[1],"tags":[],"_links":{"self":[{"href":"https:\/\/blog.polityka.pl\/adamczewski\/wp-json\/wp\/v2\/posts\/11658"}],"collection":[{"href":"https:\/\/blog.polityka.pl\/adamczewski\/wp-json\/wp\/v2\/posts"}],"about":[{"href":"https:\/\/blog.polityka.pl\/adamczewski\/wp-json\/wp\/v2\/types\/post"}],"author":[{"embeddable":true,"href":"https:\/\/blog.polityka.pl\/adamczewski\/wp-json\/wp\/v2\/users\/2"}],"replies":[{"embeddable":true,"href":"https:\/\/blog.polityka.pl\/adamczewski\/wp-json\/wp\/v2\/comments?post=11658"}],"version-history":[{"count":7,"href":"https:\/\/blog.polityka.pl\/adamczewski\/wp-json\/wp\/v2\/posts\/11658\/revisions"}],"predecessor-version":[{"id":11698,"href":"https:\/\/blog.polityka.pl\/adamczewski\/wp-json\/wp\/v2\/posts\/11658\/revisions\/11698"}],"wp:attachment":[{"href":"https:\/\/blog.polityka.pl\/adamczewski\/wp-json\/wp\/v2\/media?parent=11658"}],"wp:term":[{"taxonomy":"category","embeddable":true,"href":"https:\/\/blog.polityka.pl\/adamczewski\/wp-json\/wp\/v2\/categories?post=11658"},{"taxonomy":"post_tag","embeddable":true,"href":"https:\/\/blog.polityka.pl\/adamczewski\/wp-json\/wp\/v2\/tags?post=11658"}],"curies":[{"name":"wp","href":"https:\/\/api.w.org\/{rel}","templated":true}]}}