
{"id":11670,"date":"2014-01-22T07:00:03","date_gmt":"2014-01-22T06:00:03","guid":{"rendered":"http:\/\/adamczewski.blog.polityka.pl\/?p=11670"},"modified":"2014-01-21T17:04:19","modified_gmt":"2014-01-21T16:04:19","slug":"smutne-rozstanie-z-witryna","status":"publish","type":"post","link":"https:\/\/blog.polityka.pl\/adamczewski\/2014\/01\/22\/smutne-rozstanie-z-witryna\/","title":{"rendered":"Smutne rozstanie z witryn\u0105"},"content":{"rendered":"<div id=\"_mcePaste\">Ju\u017c jej nie ma, cho\u0107 jeszcze mo\u017cna z niej korzysta\u0107! C\u00f3\u017c to za paradoksalna sytuacja i o co w tym wszystkim chodzi. A sprawa jest powa\u017cna, bo dotyczy jad\u0142a i napitk\u00f3w.<!--more--><\/div>\n<p><img loading=\"lazy\" decoding=\"async\" class=\"aligncenter size-medium wp-image-11678\" style=\"color: #0000ee;\" title=\"OLYMPUS DIGITAL CAMERA\" src=\"\/wp-content\/uploads\/2014\/01\/My-300x225.jpg\" alt=\"\" width=\"300\" height=\"225\" srcset=\"\/adamczewski\/wp-content\/uploads\/2014\/01\/My-300x225.jpg 300w, \/adamczewski\/wp-content\/uploads\/2014\/01\/My.jpg 640w\" sizes=\"(max-width: 300px) 100vw, 300px\" \/><\/p>\n<div id=\"_mcePaste\">Nasza witryna czyli www.adamczewscy.pl zako\u0144czy\u0142a \u017cywot. Prowadzili\u015bmy j\u0105 we wsp\u00f3\u0142pracy z wydawnictwem edytuj\u0105cym nasze ksi\u0105\u017cki. My pisali\u015bmy teksty oraz przepisy a Nowy \u015awiat zajmowa\u0142 si\u0119 obs\u0142ug\u0105 techniczn\u0105. Witryna cieszy\u0142a si\u0119 sporym powodzeniem a my mieli\u015bmy satysfakcj\u0119, \u017ce smakosze korzystaj\u0105 z naszego kulinarnego do\u015bwiadczenia.<\/div>\n<div id=\"_mcePaste\">Od pewnego czasu nasze drogi &#8211; wydawcy i autor\u00f3w &#8211; rozesz\u0142y si\u0119. Nawiasem m\u00f3wi\u0105c nie tylko my jedni odeszli\u015bmy z tej oficyny ale tak\u017ce grupka naszych przyjaci\u00f3\u0142. Zgodnie ze znana regu\u0142\u0105: je\u015bli nie wiadomo o co chodzi, to napewno chodzi o pieni\u0105dze, tak by\u0142o i w tym przypadku. Tu chodzi\u0142o raczej o brak pieni\u0119dzy. Na kontach autorskich. Zmienili\u015bmy wi\u0119c wydawc\u0119 ksi\u0105\u017cek i przenie\u015bli\u015bmy ca\u0142y dorobek z witryny do internetowej &#8222;Polityki&#8221;. Od paru dni wszystkie przepisy i teksty z dawnej witryny adamczewscy.pl znale\u017a\u0107 mo\u017cna w blogu. Wystarczy wpisa\u0107 w okienko poszukiwa\u0144 np. nazw\u0119 produktu lub przepisu i klikn\u0105\u0107 na wyszukiwanie, by wszystkie przepisy na ten temat ustawi\u0142y si\u0119 w szeregu i do wyboru. Mo\u017cna te\u017c klika\u0107 na g\u00f3rnej ramce na rozdzia\u0142 Przepisy i wybra\u0107 stosowny temat z pojawiaj\u0105cej si\u0119 listy, by tak\u017ce zobaczy\u0107 wszystko co na ten temat mamy w dorobku.<\/div>\n<div id=\"_mcePaste\">By\u0107 mo\u017ce, \u017ce ponownie uruchomimy rubryk\u0119 Menu tygodniowe ale to zale\u017cy tylko od internaut\u00f3w. Je\u015bli b\u0119d\u0105 si\u0119 domaga\u0107, co oznacza\u0142oby, \u017ce korzystali z tych podpowiedzi, to rubryka wr\u00f3ci.<\/div>\n<div id=\"_mcePaste\">Na koniec dwa zdania o ksi\u0105\u017ckach. Te nasze &#8211; a jest w tej chwili kilka tytu\u0142\u00f3w na rynku &#8211; mo\u017cna kupowa\u0107 przez internet. Radzimy korzysta\u0107 z r\u00f3\u017cnych firm z wyj\u0105tkiem tej, z kt\u00f3r\u0105 wsp\u00f3\u0142pracowali\u015bmy. Sami pr\u00f3bowali\u015bmy kupi\u0107 tam w\u0142asne ksi\u0105\u017cki i sko\u0144czy\u0142o si\u0119 przykro: zap\u0142at\u0119 przyj\u0119to, ksi\u0105\u017cek nie dostarczono. I to mimo wielu ponagle\u0144 a tak\u017ce solennych zapewnie\u0144, \u017ce ju\u017c wkr\u00f3tce kurier do nas dotrze. Ale wida\u0107 zgubi\u0142 adres. Szkoda!<\/div>\n<p><a href=\"\/wp-content\/uploads\/2014\/01\/My.jpg\"><\/a><\/p>\n","protected":false},"excerpt":{"rendered":"<p>Ju\u017c jej nie ma, cho\u0107 jeszcze mo\u017cna z niej korzysta\u0107! C\u00f3\u017c to za paradoksalna sytuacja i o co w tym wszystkim chodzi. A sprawa jest powa\u017cna, bo dotyczy jad\u0142a i napitk\u00f3w.<\/p>\n","protected":false},"author":2,"featured_media":0,"comment_status":"open","ping_status":"closed","sticky":false,"template":"","format":"standard","meta":{"footnotes":""},"categories":[1],"tags":[],"_links":{"self":[{"href":"https:\/\/blog.polityka.pl\/adamczewski\/wp-json\/wp\/v2\/posts\/11670"}],"collection":[{"href":"https:\/\/blog.polityka.pl\/adamczewski\/wp-json\/wp\/v2\/posts"}],"about":[{"href":"https:\/\/blog.polityka.pl\/adamczewski\/wp-json\/wp\/v2\/types\/post"}],"author":[{"embeddable":true,"href":"https:\/\/blog.polityka.pl\/adamczewski\/wp-json\/wp\/v2\/users\/2"}],"replies":[{"embeddable":true,"href":"https:\/\/blog.polityka.pl\/adamczewski\/wp-json\/wp\/v2\/comments?post=11670"}],"version-history":[{"count":5,"href":"https:\/\/blog.polityka.pl\/adamczewski\/wp-json\/wp\/v2\/posts\/11670\/revisions"}],"predecessor-version":[{"id":11672,"href":"https:\/\/blog.polityka.pl\/adamczewski\/wp-json\/wp\/v2\/posts\/11670\/revisions\/11672"}],"wp:attachment":[{"href":"https:\/\/blog.polityka.pl\/adamczewski\/wp-json\/wp\/v2\/media?parent=11670"}],"wp:term":[{"taxonomy":"category","embeddable":true,"href":"https:\/\/blog.polityka.pl\/adamczewski\/wp-json\/wp\/v2\/categories?post=11670"},{"taxonomy":"post_tag","embeddable":true,"href":"https:\/\/blog.polityka.pl\/adamczewski\/wp-json\/wp\/v2\/tags?post=11670"}],"curies":[{"name":"wp","href":"https:\/\/api.w.org\/{rel}","templated":true}]}}