
{"id":11699,"date":"2014-01-29T07:00:19","date_gmt":"2014-01-29T06:00:19","guid":{"rendered":"http:\/\/adamczewski.blog.polityka.pl\/?p=11699"},"modified":"2014-01-29T09:26:04","modified_gmt":"2014-01-29T08:26:04","slug":"kiedy-znow-zakwitna","status":"publish","type":"post","link":"https:\/\/blog.polityka.pl\/adamczewski\/2014\/01\/29\/kiedy-znow-zakwitna\/","title":{"rendered":"Kiedy zn\u00f3w zakwitn\u0105&#8230;?"},"content":{"rendered":"<div id=\"_mcePaste\">Wystarczy\u00a0dwa tygodnie prawdziwej zimy (i to mimo wielkiej rado\u015bci z mo\u017cliwo\u015bci korzystania z bieg\u00f3wek) a ju\u017c zaczynam t\u0119skni\u0107 do wiosny na wsi. Ziemia tam piaszczysta i uboga, rosn\u0105 wi\u0119c przede wszystkim sosny, kilka brz\u00f3zek i modrzewi a od paru lat ma\u0142y zagajnik buk\u00f3w. Krzewy kwiatowe s\u0105 rachityczne ale tym bardziej ciesz\u0105. Mi\u0142o jest jada\u0107 na przeszklonej werandzie z widokiem na \u017c\u00f3\u0142t\u0105 forsycj\u0119 czy bladofioletowy bez. A wszystko zaczyna\u0142o si\u0119 od epoki szczerego \u017c\u00f3\u0142tego piasku.<\/div>\n<div id=\"_mcePaste\">Dzi\u015b wi\u0119c zamiast opowie\u015bci zza sto\u0142u czy z kuchni b\u0119d\u0105 wspomnienia obrazkowe.<\/div>\n<div><!--more--><\/div>\n<div><a href=\"\/wp-content\/uploads\/2014\/01\/L-21.jpg\"><img loading=\"lazy\" decoding=\"async\" class=\"aligncenter size-medium wp-image-11701\" title=\"L 2\" src=\"\/wp-content\/uploads\/2014\/01\/L-21-300x183.jpg\" alt=\"\" width=\"300\" height=\"183\" srcset=\"\/adamczewski\/wp-content\/uploads\/2014\/01\/L-21-300x183.jpg 300w, \/adamczewski\/wp-content\/uploads\/2014\/01\/L-21.jpg 640w\" sizes=\"(max-width: 300px) 100vw, 300px\" \/><\/a><em>Pocz\u0105tek by\u0142 taki &#8211; rok 1977 &#8211; piasek, piesek (jamnik Eryk) i rodzina <\/em><\/div>\n<div><em><a href=\"\/wp-content\/uploads\/2014\/01\/Bzy.jpg\"><img loading=\"lazy\" decoding=\"async\" class=\"aligncenter size-medium wp-image-11703\" title=\"Bzy\" src=\"\/wp-content\/uploads\/2014\/01\/Bzy-300x225.jpg\" alt=\"\" width=\"300\" height=\"225\" srcset=\"\/adamczewski\/wp-content\/uploads\/2014\/01\/Bzy-300x225.jpg 300w, \/adamczewski\/wp-content\/uploads\/2014\/01\/Bzy.jpg 640w\" sizes=\"(max-width: 300px) 100vw, 300px\" \/><\/a>Po latach zmieni\u0142 si\u0119 i dom, i okoliczno\u015bci przyrody <\/em><\/div>\n<div><em><a href=\"\/wp-content\/uploads\/2014\/01\/Forsycja.jpg\"><img loading=\"lazy\" decoding=\"async\" class=\"aligncenter size-medium wp-image-11704\" title=\"OLYMPUS DIGITAL CAMERA\" src=\"\/wp-content\/uploads\/2014\/01\/Forsycja-300x225.jpg\" alt=\"\" width=\"300\" height=\"225\" srcset=\"\/adamczewski\/wp-content\/uploads\/2014\/01\/Forsycja-300x225.jpg 300w, \/adamczewski\/wp-content\/uploads\/2014\/01\/Forsycja.jpg 640w\" sizes=\"(max-width: 300px) 100vw, 300px\" \/><\/a>W\u0105t\u0142a forsycja te\u017c nas zachwyca <\/em><\/div>\n<div><em><a href=\"\/wp-content\/uploads\/2014\/01\/Rododendron.jpg\"><img loading=\"lazy\" decoding=\"async\" class=\"aligncenter size-medium wp-image-11705\" title=\"Rododendron\" src=\"\/wp-content\/uploads\/2014\/01\/Rododendron-300x225.jpg\" alt=\"\" width=\"300\" height=\"225\" srcset=\"\/adamczewski\/wp-content\/uploads\/2014\/01\/Rododendron-300x225.jpg 300w, \/adamczewski\/wp-content\/uploads\/2014\/01\/Rododendron.jpg 640w\" sizes=\"(max-width: 300px) 100vw, 300px\" \/><\/a>I rachityczny rododendron <\/em><\/div>\n<div><em><a href=\"\/wp-content\/uploads\/2014\/01\/Barwinek.jpg\"><img loading=\"lazy\" decoding=\"async\" class=\"aligncenter size-medium wp-image-11706\" title=\"OLYMPUS DIGITAL CAMERA\" src=\"\/wp-content\/uploads\/2014\/01\/Barwinek-300x225.jpg\" alt=\"\" width=\"300\" height=\"225\" srcset=\"\/adamczewski\/wp-content\/uploads\/2014\/01\/Barwinek-300x225.jpg 300w, \/adamczewski\/wp-content\/uploads\/2014\/01\/Barwinek.jpg 640w\" sizes=\"(max-width: 300px) 100vw, 300px\" \/><\/a>W barwinku zdarzaj\u0105 si\u0119 prawdziwki<\/em><\/div>\n<div><em><a href=\"\/wp-content\/uploads\/2014\/01\/Kaczence.jpg\"><img loading=\"lazy\" decoding=\"async\" class=\"aligncenter size-medium wp-image-11707\" title=\"Kaczence\" src=\"\/wp-content\/uploads\/2014\/01\/Kaczence-300x225.jpg\" alt=\"\" width=\"300\" height=\"225\" srcset=\"\/adamczewski\/wp-content\/uploads\/2014\/01\/Kaczence-300x225.jpg 300w, \/adamczewski\/wp-content\/uploads\/2014\/01\/Kaczence.jpg 450w\" sizes=\"(max-width: 300px) 100vw, 300px\" \/><\/a>A za p\u0142otem na podmok\u0142ej \u0142\u0105ce kacze\u0144ce<\/em><\/div>\n<div><em>Zdj\u0119cie czarno-bia\u0142e W. Druszcz, pozosta\u0142e P.Adamczewski<\/em><\/div>\n<div><em><br \/>\n<\/em><\/div>\n<div>Jest do czego t\u0119skni\u0107?<\/div>\n<div><em><br \/>\n<\/em><\/div>\n","protected":false},"excerpt":{"rendered":"<p>Wystarczy\u00a0dwa tygodnie prawdziwej zimy (i to mimo wielkiej rado\u015bci z mo\u017cliwo\u015bci korzystania z bieg\u00f3wek) a ju\u017c zaczynam t\u0119skni\u0107 do wiosny na wsi. Ziemia tam piaszczysta i uboga, rosn\u0105 wi\u0119c przede wszystkim sosny, kilka brz\u00f3zek i modrzewi a od paru lat ma\u0142y zagajnik buk\u00f3w. Krzewy kwiatowe s\u0105 rachityczne ale tym bardziej ciesz\u0105. Mi\u0142o jest jada\u0107 na [&hellip;]<\/p>\n","protected":false},"author":2,"featured_media":0,"comment_status":"open","ping_status":"closed","sticky":false,"template":"","format":"standard","meta":{"footnotes":""},"categories":[1],"tags":[],"_links":{"self":[{"href":"https:\/\/blog.polityka.pl\/adamczewski\/wp-json\/wp\/v2\/posts\/11699"}],"collection":[{"href":"https:\/\/blog.polityka.pl\/adamczewski\/wp-json\/wp\/v2\/posts"}],"about":[{"href":"https:\/\/blog.polityka.pl\/adamczewski\/wp-json\/wp\/v2\/types\/post"}],"author":[{"embeddable":true,"href":"https:\/\/blog.polityka.pl\/adamczewski\/wp-json\/wp\/v2\/users\/2"}],"replies":[{"embeddable":true,"href":"https:\/\/blog.polityka.pl\/adamczewski\/wp-json\/wp\/v2\/comments?post=11699"}],"version-history":[{"count":6,"href":"https:\/\/blog.polityka.pl\/adamczewski\/wp-json\/wp\/v2\/posts\/11699\/revisions"}],"predecessor-version":[{"id":11711,"href":"https:\/\/blog.polityka.pl\/adamczewski\/wp-json\/wp\/v2\/posts\/11699\/revisions\/11711"}],"wp:attachment":[{"href":"https:\/\/blog.polityka.pl\/adamczewski\/wp-json\/wp\/v2\/media?parent=11699"}],"wp:term":[{"taxonomy":"category","embeddable":true,"href":"https:\/\/blog.polityka.pl\/adamczewski\/wp-json\/wp\/v2\/categories?post=11699"},{"taxonomy":"post_tag","embeddable":true,"href":"https:\/\/blog.polityka.pl\/adamczewski\/wp-json\/wp\/v2\/tags?post=11699"}],"curies":[{"name":"wp","href":"https:\/\/api.w.org\/{rel}","templated":true}]}}