
{"id":1170,"date":"2009-09-04T08:00:57","date_gmt":"2009-09-04T06:00:57","guid":{"rendered":"http:\/\/adamczewski.blog.polityka.pl\/?p=1170"},"modified":"2009-09-04T09:26:38","modified_gmt":"2009-09-04T07:26:38","slug":"co-to-bedzie-kto-tam-bedzie","status":"publish","type":"post","link":"https:\/\/blog.polityka.pl\/adamczewski\/2009\/09\/04\/co-to-bedzie-kto-tam-bedzie\/","title":{"rendered":"Co to b\u0119dzie, kto tam b\u0119dzie?"},"content":{"rendered":"<p>Mowa oczywi\u015bcie o III Mi\u0119dzynarodowym Zje\u017adzie Blogu &#8222;Gotuj si\u0119!&#8221; . Pod Po\u0142czynem, w nast\u0119pny weekend, spotka si\u0119 kwiat \u015bwiatowych smakoszy. I cho\u0107 b\u0119d\u0105 tam mieszka\u0144cy r\u00f3\u017cnych kontynent\u00f3w to wszyscy \u015bwietnie pos\u0142uguj\u0105 si\u0119 polszczyzn\u0105. I nie ma co tu wydziwia\u0107, bo wszyscy to nasi rodacy. Tyle, \u017ce rozrzuceni po \u015bwiecie.<br \/>\nNie b\u0119d\u0119 tu wspomina\u0142 pierwszego zjazdu w K\u00f3rniku, ani drugiego w \u0141\u0119cinie, bo my \u017cyjemy tylko przysz\u0142o\u015bci\u0105. Ju\u017c my\u015blimy o Zje\u017adzie numer 4.<\/p>\n<p>Tymczasem do Starej \u017baby zmierzaj\u0105 blogowicze z Kanady, USA, Niemiec, Austrii (cho\u0107 niekt\u00f3rzy per procura) i wszystkich stron Polski.<\/p>\n<p>B\u0119d\u0105 wi\u0119c relacje i to wielu pi\u00f3r oraz obiektyw\u00f3w. Ka\u017cdy kto chce i nie chce b\u0119dzie m\u00f3g\u0142 (albo nawet musia\u0142) ogl\u0105da\u0107 te sprawozdania. Wystarczy klikn\u0105\u0107 w adres <a href=\"http:\/\/www.adamczewski.blog.polityka.pl\">www.adamczewski.blog.polityka.pl<\/a>\u00a0 albo wpisa\u0107 do wyszukiwarki &#8222;Gotuj si\u0119!&#8221;.<\/p>\n<p>Poniewa\u017c jestem zaj\u0119ty przygotowaniami do podr\u00f3\u017cy czyli pieczeniem, gotowaniem, kupowaniem\u00a0 wi\u0119c zamiast antycypowa\u0107 zjazdowe wydarzenia zaprezentuj\u0119 tych, kt\u00f3rych tam nie b\u0119dzie z r\u00f3\u017cnych powod\u00f3w. Zamieszczam wi\u0119c zdj\u0119cia\u00a0 naszej przedstawicielki australijskiej Echidny z m\u0119\u017cem czyli Wombatem, kt\u00f3rzy niedawno odwiedzili mnie na Mokotowie.<\/p>\n<p><img loading=\"lazy\" decoding=\"async\" class=\"aligncenter size-full wp-image-1171\" title=\"echidna-z-basia-photo-8\" src=\"\/wp-content\/uploads\/2009\/08\/echidna-z-basia-photo-8.jpg\" alt=\"\" width=\"500\" height=\"332\" srcset=\"\/adamczewski\/wp-content\/uploads\/2009\/08\/echidna-z-basia-photo-8.jpg 640w, \/adamczewski\/wp-content\/uploads\/2009\/08\/echidna-z-basia-photo-8-300x199.jpg 300w\" sizes=\"(max-width: 500px) 100vw, 500px\" \/><\/p>\n<p><em>Wombat z Basi\u0105 mieli wiele wsp\u00f3lnych temat\u00f3w<\/em><\/p>\n<p><a href=\"\/wp-content\/uploads\/2009\/08\/echidna-z-wizyta-photo-10.jpg\"><img loading=\"lazy\" decoding=\"async\" class=\"aligncenter size-full wp-image-1172\" title=\"echidna-z-wizyta-photo-10\" src=\"\/wp-content\/uploads\/2009\/08\/echidna-z-wizyta-photo-10.jpg\" alt=\"\" width=\"500\" height=\"332\" srcset=\"\/adamczewski\/wp-content\/uploads\/2009\/08\/echidna-z-wizyta-photo-10.jpg 640w, \/adamczewski\/wp-content\/uploads\/2009\/08\/echidna-z-wizyta-photo-10-300x199.jpg 300w\" sizes=\"(max-width: 500px) 100vw, 500px\" \/><\/a><\/p>\n<p><em>Pensjonarka, Echidna i ja<\/em><\/p>\n<p><a href=\"\/wp-content\/uploads\/2009\/08\/echidna-i-paskiphoto-13.jpg\"><img loading=\"lazy\" decoding=\"async\" class=\"aligncenter size-full wp-image-1173\" title=\"echidna-i-paskiphoto-13\" src=\"\/wp-content\/uploads\/2009\/08\/echidna-i-paskiphoto-13.jpg\" alt=\"\" width=\"500\" height=\"332\" srcset=\"\/adamczewski\/wp-content\/uploads\/2009\/08\/echidna-i-paskiphoto-13.jpg 640w, \/adamczewski\/wp-content\/uploads\/2009\/08\/echidna-i-paskiphoto-13-300x199.jpg 300w\" sizes=\"(max-width: 500px) 100vw, 500px\" \/><\/a><\/p>\n<p><em>Wszyscy razem, tylko, \u017ce Wombat z drugiej strony obiektywu<\/em><\/p>\n<p>Zamieszczam te\u017c zdj\u0119cie kuriera z Wiednia ( a w\u0142a\u015bciwie z Burgenlandii), kt\u00f3ry przekaza\u0142 mi poczt\u0119 butelkow\u0105 i umkn\u0105\u0142 na Hel, bo przedk\u0142ada nad nasze towarzystwo spotkanie z fokami w fokarium profesora Krzysztofa Sk\u00f3ry. Wida\u0107 foki daj\u0105 si\u0119 ug\u0142aska\u0107 a Alicja i Pyry\u00a0&#8211; nie!<\/p>\n<p><a href=\"\/wp-content\/uploads\/2009\/08\/krul-i-damyp8300005.jpg\"><img loading=\"lazy\" decoding=\"async\" class=\"aligncenter size-full wp-image-1174\" title=\"krul-i-damyp8300005\" src=\"\/wp-content\/uploads\/2009\/08\/krul-i-damyp8300005.jpg\" alt=\"\" width=\"500\" height=\"375\" srcset=\"\/adamczewski\/wp-content\/uploads\/2009\/08\/krul-i-damyp8300005.jpg 640w, \/adamczewski\/wp-content\/uploads\/2009\/08\/krul-i-damyp8300005-300x225.jpg 300w\" sizes=\"(max-width: 500px) 100vw, 500px\" \/><\/a><\/p>\n<p><em>Krul i damy przed\u00a0monarsz\u0105 karet\u0105<\/em><\/p>\n<p><a href=\"\/wp-content\/uploads\/2009\/08\/krul-i-waletp8300007.jpg\"><img loading=\"lazy\" decoding=\"async\" class=\"aligncenter size-full wp-image-1175\" title=\"krul-i-waletp8300007\" src=\"\/wp-content\/uploads\/2009\/08\/krul-i-waletp8300007.jpg\" alt=\"\" width=\"500\" height=\"375\" srcset=\"\/adamczewski\/wp-content\/uploads\/2009\/08\/krul-i-waletp8300007.jpg 640w, \/adamczewski\/wp-content\/uploads\/2009\/08\/krul-i-waletp8300007-300x225.jpg 300w\" sizes=\"(max-width: 500px) 100vw, 500px\" \/><\/a><\/p>\n<p><em>Krulowi towarzyszy\u0142y w podr\u00f3\u017cy \u017cona (Ewa) i c\u00f3rka (Jagna) s\u0142ynnego fokoluba czyli prof. Krzysztofa Sk\u00f3ry z Helu<\/em><\/p>\n<p><em><\/em><\/p>\n<p>No to do zobaczenia na Woodstock&#8230;pardon w \u017babich B\u0142otach!<\/p>\n<p>\u00a0<\/p>\n","protected":false},"excerpt":{"rendered":"<p>Mowa oczywi\u015bcie o III Mi\u0119dzynarodowym Zje\u017adzie Blogu &#8222;Gotuj si\u0119!&#8221; . Pod Po\u0142czynem, w nast\u0119pny weekend, spotka si\u0119 kwiat \u015bwiatowych smakoszy. I cho\u0107 b\u0119d\u0105 tam mieszka\u0144cy r\u00f3\u017cnych kontynent\u00f3w to wszyscy \u015bwietnie pos\u0142uguj\u0105 si\u0119 polszczyzn\u0105. I nie ma co tu wydziwia\u0107, bo wszyscy to nasi rodacy. Tyle, \u017ce rozrzuceni po \u015bwiecie. Nie b\u0119d\u0119 tu wspomina\u0142 pierwszego zjazdu [&hellip;]<\/p>\n","protected":false},"author":2,"featured_media":0,"comment_status":"open","ping_status":"open","sticky":false,"template":"","format":"standard","meta":{"footnotes":""},"categories":[1],"tags":[],"_links":{"self":[{"href":"https:\/\/blog.polityka.pl\/adamczewski\/wp-json\/wp\/v2\/posts\/1170"}],"collection":[{"href":"https:\/\/blog.polityka.pl\/adamczewski\/wp-json\/wp\/v2\/posts"}],"about":[{"href":"https:\/\/blog.polityka.pl\/adamczewski\/wp-json\/wp\/v2\/types\/post"}],"author":[{"embeddable":true,"href":"https:\/\/blog.polityka.pl\/adamczewski\/wp-json\/wp\/v2\/users\/2"}],"replies":[{"embeddable":true,"href":"https:\/\/blog.polityka.pl\/adamczewski\/wp-json\/wp\/v2\/comments?post=1170"}],"version-history":[{"count":0,"href":"https:\/\/blog.polityka.pl\/adamczewski\/wp-json\/wp\/v2\/posts\/1170\/revisions"}],"wp:attachment":[{"href":"https:\/\/blog.polityka.pl\/adamczewski\/wp-json\/wp\/v2\/media?parent=1170"}],"wp:term":[{"taxonomy":"category","embeddable":true,"href":"https:\/\/blog.polityka.pl\/adamczewski\/wp-json\/wp\/v2\/categories?post=1170"},{"taxonomy":"post_tag","embeddable":true,"href":"https:\/\/blog.polityka.pl\/adamczewski\/wp-json\/wp\/v2\/tags?post=1170"}],"curies":[{"name":"wp","href":"https:\/\/api.w.org\/{rel}","templated":true}]}}