
{"id":11725,"date":"2014-01-31T07:00:44","date_gmt":"2014-01-31T06:00:44","guid":{"rendered":"http:\/\/adamczewski.blog.polityka.pl\/?p=11725"},"modified":"2014-01-31T10:32:30","modified_gmt":"2014-01-31T09:32:30","slug":"ladniej-na-polu-niz-na-polmisku","status":"publish","type":"post","link":"https:\/\/blog.polityka.pl\/adamczewski\/2014\/01\/31\/ladniej-na-polu-niz-na-polmisku\/","title":{"rendered":"\u0141adniej na polu ni\u017c na p\u00f3\u0142misku"},"content":{"rendered":"<div id=\"_mcePaste\">Z wiekiem zmienia mi si\u0119 charakter. A tak\u017ce apetyt i preferencje kulinarne. Coraz cz\u0119\u015bciej rezygnuje z r\u00f3\u017cnych dawniej szalenie lubianych da\u0144. Zw\u0142aszcza np. z dziczyzny, kt\u00f3r\u0105 jeszcze niedawno uwa\u017ca\u0142em za wyj\u0105tkowy rarytas. Mo\u017ce to tylko chwilowy kaprys ale &#8211; by\u0107 mo\u017ce &#8211; oka\u017ce si\u0119 to sta\u0142ym zwyczajem. Mieszkaj\u0105c na wsi, nad \u0142\u0105kami, na skraju puszczy cz\u0119sto spotykam si\u0119 ze zwierz\u0119tami i ptakami, kt\u00f3re potem znajduj\u0119 na talerzu. I robi mi si\u0119 smutno. Znacznie \u0142adniej bowiem wygl\u0105daj\u0105 one na polu ni\u017c na p\u00f3\u0142misku.<!--more--><\/div>\n<div id=\"_mcePaste\">Popatrzcie sami na te kilka zdj\u0119\u0107, kt\u00f3re zrobi\u0142em niewprawn\u0105 r\u0119k\u0105 ale i tak ogl\u0105dam je z zachwytem. Pocieszam si\u0119 tak\u017ce tym, \u017ce zawsze uwielbia\u0142em w tzw. bezkrwawych \u0142owach a NIGDY nie strzela\u0142em do niczego \u017cywego. I niech tak pozostanie.<\/div>\n<p><a href=\"\/wp-content\/uploads\/2014\/01\/kuropatwy.jpg\"><img loading=\"lazy\" decoding=\"async\" class=\"aligncenter size-medium wp-image-11729\" title=\"kuropatwy\" src=\"\/wp-content\/uploads\/2014\/01\/kuropatwy-300x197.jpg\" alt=\"\" width=\"300\" height=\"197\" srcset=\"\/adamczewski\/wp-content\/uploads\/2014\/01\/kuropatwy-300x197.jpg 300w, \/adamczewski\/wp-content\/uploads\/2014\/01\/kuropatwy.jpg 640w\" sizes=\"(max-width: 300px) 100vw, 300px\" \/><\/a><em>Kuropatwy na \u015bniegu wida\u0107 nawet z oddali<\/em><\/p>\n<p><a style=\"font-style: italic;\" href=\"\/wp-content\/uploads\/2014\/01\/baza.jpg\"><img loading=\"lazy\" decoding=\"async\" class=\"aligncenter size-medium wp-image-11731\" title=\"baza\" src=\"\/wp-content\/uploads\/2014\/01\/baza-197x300.jpg\" alt=\"\" width=\"197\" height=\"300\" srcset=\"\/adamczewski\/wp-content\/uploads\/2014\/01\/baza-197x300.jpg 197w, \/adamczewski\/wp-content\/uploads\/2014\/01\/baza.jpg 316w\" sizes=\"(max-width: 197px) 100vw, 197px\" \/><\/a>Kogut ba\u017cant w ozdobnym fraku<\/p>\n<p><em><a href=\"\/wp-content\/uploads\/2014\/01\/Zajnapolu.jpg\"><img loading=\"lazy\" decoding=\"async\" class=\"aligncenter size-medium wp-image-11732\" title=\"Zajnapolu\" src=\"\/wp-content\/uploads\/2014\/01\/Zajnapolu-300x200.jpg\" alt=\"\" width=\"300\" height=\"200\" \/><\/a>Zaj\u0105c zabiera si\u0119 do m\u0142odego zbo\u017ca<\/em><\/p>\n<p><a style=\"font-style: italic;\" href=\"\/wp-content\/uploads\/2014\/01\/koziolek.jpg\"><img loading=\"lazy\" decoding=\"async\" class=\"aligncenter size-medium wp-image-11733\" title=\"koziolek\" src=\"\/wp-content\/uploads\/2014\/01\/koziolek-300x234.jpg\" alt=\"\" width=\"300\" height=\"234\" \/><\/a>Kozio\u0142ek umyka na m\u00f3j widok<\/p>\n<p><a href=\"\/wp-content\/uploads\/2014\/01\/Wiew.jpg\"><img loading=\"lazy\" decoding=\"async\" class=\"aligncenter size-medium wp-image-11737\" title=\"OLYMPUS DIGITAL CAMERA\" src=\"\/wp-content\/uploads\/2014\/01\/Wiew-300x225.jpg\" alt=\"\" width=\"300\" height=\"225\" srcset=\"\/adamczewski\/wp-content\/uploads\/2014\/01\/Wiew-300x225.jpg 300w, \/adamczewski\/wp-content\/uploads\/2014\/01\/Wiew.jpg 640w\" sizes=\"(max-width: 300px) 100vw, 300px\" \/><\/a><em>Moje s\u0105siadki &#8211; mama z c\u00f3rk\u0105<\/em><\/p>\n<p><a href=\"\/wp-content\/uploads\/2014\/01\/los.jpg\"><img loading=\"lazy\" decoding=\"async\" class=\"aligncenter size-medium wp-image-11734\" title=\"los\" src=\"\/wp-content\/uploads\/2014\/01\/los-196x300.jpg\" alt=\"\" width=\"196\" height=\"300\" \/><\/a><em>Niekwestionowany kr\u00f3l nadnarwia\u0144skich bagien<\/em><\/p>\n<p><em><a href=\"\/wp-content\/uploads\/2014\/01\/salam.jpg\"><img loading=\"lazy\" decoding=\"async\" class=\"aligncenter size-medium wp-image-11735\" title=\"OLYMPUS DIGITAL CAMERA\" src=\"\/wp-content\/uploads\/2014\/01\/salam-300x225.jpg\" alt=\"\" width=\"300\" height=\"225\" srcset=\"\/adamczewski\/wp-content\/uploads\/2014\/01\/salam-300x225.jpg 300w, \/adamczewski\/wp-content\/uploads\/2014\/01\/salam.jpg 640w\" sizes=\"(max-width: 300px) 100vw, 300px\" \/><\/a>W s\u0105siedztwie mieszka ca\u0142a rodzinka osio\u0142k\u00f3w<\/em><\/p>\n<p>Dzi\u015b na obiad spaghetti z gruszk\u0105 i gorgonzol\u0105. \u00a0Jutro spaghetti aglio, olio e peperoncino. A potem zobaczymy&#8230;<\/p>\n","protected":false},"excerpt":{"rendered":"<p>Z wiekiem zmienia mi si\u0119 charakter. A tak\u017ce apetyt i preferencje kulinarne. Coraz cz\u0119\u015bciej rezygnuje z r\u00f3\u017cnych dawniej szalenie lubianych da\u0144. Zw\u0142aszcza np. z dziczyzny, kt\u00f3r\u0105 jeszcze niedawno uwa\u017ca\u0142em za wyj\u0105tkowy rarytas. Mo\u017ce to tylko chwilowy kaprys ale &#8211; by\u0107 mo\u017ce &#8211; oka\u017ce si\u0119 to sta\u0142ym zwyczajem. Mieszkaj\u0105c na wsi, nad \u0142\u0105kami, na skraju puszczy [&hellip;]<\/p>\n","protected":false},"author":2,"featured_media":0,"comment_status":"open","ping_status":"closed","sticky":false,"template":"","format":"standard","meta":{"footnotes":""},"categories":[1],"tags":[],"_links":{"self":[{"href":"https:\/\/blog.polityka.pl\/adamczewski\/wp-json\/wp\/v2\/posts\/11725"}],"collection":[{"href":"https:\/\/blog.polityka.pl\/adamczewski\/wp-json\/wp\/v2\/posts"}],"about":[{"href":"https:\/\/blog.polityka.pl\/adamczewski\/wp-json\/wp\/v2\/types\/post"}],"author":[{"embeddable":true,"href":"https:\/\/blog.polityka.pl\/adamczewski\/wp-json\/wp\/v2\/users\/2"}],"replies":[{"embeddable":true,"href":"https:\/\/blog.polityka.pl\/adamczewski\/wp-json\/wp\/v2\/comments?post=11725"}],"version-history":[{"count":5,"href":"https:\/\/blog.polityka.pl\/adamczewski\/wp-json\/wp\/v2\/posts\/11725\/revisions"}],"predecessor-version":[{"id":11730,"href":"https:\/\/blog.polityka.pl\/adamczewski\/wp-json\/wp\/v2\/posts\/11725\/revisions\/11730"}],"wp:attachment":[{"href":"https:\/\/blog.polityka.pl\/adamczewski\/wp-json\/wp\/v2\/media?parent=11725"}],"wp:term":[{"taxonomy":"category","embeddable":true,"href":"https:\/\/blog.polityka.pl\/adamczewski\/wp-json\/wp\/v2\/categories?post=11725"},{"taxonomy":"post_tag","embeddable":true,"href":"https:\/\/blog.polityka.pl\/adamczewski\/wp-json\/wp\/v2\/tags?post=11725"}],"curies":[{"name":"wp","href":"https:\/\/api.w.org\/{rel}","templated":true}]}}