
{"id":1176,"date":"2009-09-07T08:00:49","date_gmt":"2009-09-07T06:00:49","guid":{"rendered":"http:\/\/adamczewski.blog.polityka.pl\/?p=1176"},"modified":"2009-09-03T19:05:39","modified_gmt":"2009-09-03T17:05:39","slug":"kultura-warta-poznania","status":"publish","type":"post","link":"https:\/\/blog.polityka.pl\/adamczewski\/2009\/09\/07\/kultura-warta-poznania\/","title":{"rendered":"Kultura WARTA poznania"},"content":{"rendered":"<p>Pod takim has\u0142em odb\u0119dzie si\u0119 sze\u015b\u0107 spotka\u0144 z laureatami nagr\u00f3d przyznawanych dorocznie przez &#8222;Polityk\u0119&#8221; m\u0142odym tw\u00f3rcom a kryj\u0105cych si\u0119 pod nazw\u0105 &#8222;Paszporty Polityki&#8221;. S\u0105 to bowiem poniek\u0105d przepustki do wielkiego \u015bwiata a czasem do mi\u0119dzynarodowej kariery. I nie ma w tym stwierdzeniu \u017cadnej przesady. Np. Marek Krajewski\u00a0&#8211; autor powie\u015bci kryminalnych rozgrywaj\u0105cych si\u0119 w Breslau tak\u0105 karier\u0119 zrobi\u0142 poniewa\u017c jego ksi\u0105\u017cki przet\u0142umaczono ju\u017c na 18 j\u0119zyk\u00f3w.<\/p>\n<p>Owe salony kulturalne organizowane s\u0105 wesp\u00f3\u0142 z Towarzystwem Ubezpiecze\u0144 i Asekuracji S.A., a go\u015b\u0107mi s\u0105\u00a0 brokerzy, mened\u017cerowie\u00a0&#8211; s\u0142owem najlepsi partnerzy Warty.<\/p>\n<p><a href=\"\/wp-content\/uploads\/2009\/09\/salon-pol_h5m0666.jpg\"><img loading=\"lazy\" decoding=\"async\" class=\"aligncenter size-full wp-image-1192\" title=\"salon-pol_h5m0666\" src=\"\/wp-content\/uploads\/2009\/09\/salon-pol_h5m0666.jpg\" alt=\"\" width=\"500\" height=\"333\" srcset=\"\/adamczewski\/wp-content\/uploads\/2009\/09\/salon-pol_h5m0666.jpg 600w, \/adamczewski\/wp-content\/uploads\/2009\/09\/salon-pol_h5m0666-300x200.jpg 300w\" sizes=\"(max-width: 500px) 100vw, 500px\" \/><\/a><\/p>\n<p><em>Dwaj prezesi (Polityki i Warty) w damskim towarzystwie nie my\u015bl\u0105 o trunkach ani daniach&#8230; <\/em><\/p>\n<p><em>Fot. Tadeusz P\u00f3\u017aniak &#8222;Polityka&#8221;<\/em><\/p>\n<p>Pierwszy salon by\u0142 literacki. Go\u015b\u0107mi g\u0142\u00f3wnymi byli\u00a0&#8211; wspomniany tu Marek Krajewski i Mariusz Czubaj. Obaj panowie s\u0105 autorami wielu ksi\u0105\u017cek, w tym dw\u00f3ch pope\u0142nionych wsp\u00f3lnie. Wywiad z nimi przeprowadza\u0142a Justyna Sobolewska czyli krytyk literacki &#8222;Polityki&#8221;. Przez kilkadziesi\u0105t minut pisarze opowiadali o swojej tw\u00f3rczo\u015bci a zw\u0142aszcza o metodzie pisania jednego krymina\u0142u we dw\u00f3jk\u0119. Rozmowa by\u0142a bardzo atrakcyjna i ozdobiona wieloma anegdotami. W tym tak\u017ce i kryminalnymi. Autorzy powie\u015bci detektywistycznych bowiem chc\u0105c zna\u0107 realia, kt\u00f3re opisuj\u0105 musz\u0105 zna\u0107 dobrze komisariaty, prosektoria, obskurne (ale lepsze tak\u017ce) knajpy i r\u00f3\u017cne inne miejsca, do kt\u00f3rych przyzwoity czytelnik nie chodzi.<\/p>\n<p><a href=\"\/wp-content\/uploads\/2009\/09\/salon-pol_h5m0641.jpg\"><img loading=\"lazy\" decoding=\"async\" class=\"aligncenter size-full wp-image-1193\" title=\"salon-pol_h5m0641\" src=\"\/wp-content\/uploads\/2009\/09\/salon-pol_h5m0641.jpg\" alt=\"\" width=\"500\" height=\"333\" srcset=\"\/adamczewski\/wp-content\/uploads\/2009\/09\/salon-pol_h5m0641.jpg 500w, \/adamczewski\/wp-content\/uploads\/2009\/09\/salon-pol_h5m0641-300x199.jpg 300w\" sizes=\"(max-width: 500px) 100vw, 500px\" \/><\/a><\/p>\n<p><em>Przy stoliku gospodarzy (od prawej) autorzy krymina\u0142\u00f3w Mariusz Czubaj i Marek Krajewski, krytyk(czka) literacki(cka) Justyna Sobolewska, gospodarz blogu czyli ja i animatorka Salonu Renata Taberska z Warty<\/em><\/p>\n<p><em>Fot. Tadeusz P\u00f3\u017aniak &#8222;Polityka&#8221;<\/em><\/p>\n<p>A co w tym towarzystwie robi\u0142em ja czyli autor kulinarny? Ot\u00f3\u017c po pierwsze dobiera\u0142em menu\u00a0 &#8211; poniewa\u017c jak to w salonie podczas spotkania mia\u0142a miejsce konsumpcja. Po drugie za\u015b w ksi\u0105\u017ckach Krajewskiego g\u0142\u00f3wny bohater komisarz Eberhardt Mock cz\u0119sto jada i popija. Na dodatek jest to popisane z wielkim znawstwem co \u015bwiadczy o smakoszowskich upodobaniach autora. Po trzecie za\u015b\u00a0&#8211; po wyst\u0119pie obu pisarzy na scen\u0119 zaproszono mnie bym opowiedzia\u0142 o zwi\u0105zkach literatury i kuchni. Co z wielk\u0105 frajd\u0105 zrobi\u0142em.<br \/>\nNa koniec powiem co tam by\u0142o na stole; najpierw podano grzanki z tapenad\u0105 czyli past\u0105 z oliwek i wod\u0119 mineraln\u0105. Potem vol-au- vent z owocami morza. Nast\u0119pnie krem z warzyw z borowikami. A daniem g\u0142\u00f3wnym by\u0142a wspania\u0142a kaczka pieczona z jab\u0142kiem i bor\u00f3wkami. Wszystko najwy\u017cszej jako\u015bci.<\/p>\n<p>Kolejne spotkania z cyklu &#8222;Kultura\u00a0WARTA poznania&#8221; (zwr\u00f3\u0107cie uwag\u0119 na dwuznaczno\u015b\u0107 tego has\u0142a) b\u0119d\u0105 si\u0119 odbywa\u0142y w r\u00f3\u017cnych miejscach Warszawy zwi\u0105zanych z tematami i osobami artyst\u00f3w. B\u0119dzie wi\u0119c Krystyna Janda opowiada\u0107 o filmie, Wojciech Waglewski i Fisz o muzyce, Mariusz Treli\u0144ski o operze, Emilian Kami\u0144ski o teatrze a Andrzej Starmach o sztukach wizualnych. Podczas wszystkich tych spotka\u0144 b\u0119d\u0119 wykazywa\u0142, \u017ce gotowanie to te\u017c sztuka.<\/p>\n","protected":false},"excerpt":{"rendered":"<p>Pod takim has\u0142em odb\u0119dzie si\u0119 sze\u015b\u0107 spotka\u0144 z laureatami nagr\u00f3d przyznawanych dorocznie przez &#8222;Polityk\u0119&#8221; m\u0142odym tw\u00f3rcom a kryj\u0105cych si\u0119 pod nazw\u0105 &#8222;Paszporty Polityki&#8221;. S\u0105 to bowiem poniek\u0105d przepustki do wielkiego \u015bwiata a czasem do mi\u0119dzynarodowej kariery. I nie ma w tym stwierdzeniu \u017cadnej przesady. Np. Marek Krajewski\u00a0&#8211; autor powie\u015bci kryminalnych rozgrywaj\u0105cych si\u0119 w Breslau tak\u0105 [&hellip;]<\/p>\n","protected":false},"author":2,"featured_media":0,"comment_status":"open","ping_status":"open","sticky":false,"template":"","format":"standard","meta":{"footnotes":""},"categories":[1],"tags":[],"_links":{"self":[{"href":"https:\/\/blog.polityka.pl\/adamczewski\/wp-json\/wp\/v2\/posts\/1176"}],"collection":[{"href":"https:\/\/blog.polityka.pl\/adamczewski\/wp-json\/wp\/v2\/posts"}],"about":[{"href":"https:\/\/blog.polityka.pl\/adamczewski\/wp-json\/wp\/v2\/types\/post"}],"author":[{"embeddable":true,"href":"https:\/\/blog.polityka.pl\/adamczewski\/wp-json\/wp\/v2\/users\/2"}],"replies":[{"embeddable":true,"href":"https:\/\/blog.polityka.pl\/adamczewski\/wp-json\/wp\/v2\/comments?post=1176"}],"version-history":[{"count":0,"href":"https:\/\/blog.polityka.pl\/adamczewski\/wp-json\/wp\/v2\/posts\/1176\/revisions"}],"wp:attachment":[{"href":"https:\/\/blog.polityka.pl\/adamczewski\/wp-json\/wp\/v2\/media?parent=1176"}],"wp:term":[{"taxonomy":"category","embeddable":true,"href":"https:\/\/blog.polityka.pl\/adamczewski\/wp-json\/wp\/v2\/categories?post=1176"},{"taxonomy":"post_tag","embeddable":true,"href":"https:\/\/blog.polityka.pl\/adamczewski\/wp-json\/wp\/v2\/tags?post=1176"}],"curies":[{"name":"wp","href":"https:\/\/api.w.org\/{rel}","templated":true}]}}