
{"id":11805,"date":"2014-02-12T07:00:10","date_gmt":"2014-02-12T06:00:10","guid":{"rendered":"http:\/\/adamczewski.blog.polityka.pl\/?p=11805"},"modified":"2014-02-12T09:10:54","modified_gmt":"2014-02-12T08:10:54","slug":"trwa-karnawal","status":"publish","type":"post","link":"https:\/\/blog.polityka.pl\/adamczewski\/2014\/02\/12\/trwa-karnawal\/","title":{"rendered":"Trwa karnawa\u0142"},"content":{"rendered":"<p>I jeszcze d\u0142ugo potrwa. Wielkanoc bowiem dopiero w ko\u0144cu kwietnia. Czyli okres postu rozpocznie si\u0119 dopiero w po\u0142owie marca. Do tej pory mo\u017cna si\u0119 wyszale\u0107 do woli. Korzystamy z tego w tym roku wyj\u0105tkowo obficie. Niemal co tydzie\u0144 (w sobot\u0119 lub w niedziel\u0119) podejmujemy przyjaci\u00f3\u0142. A w te pozosta\u0142e bywamy z kolei u nich. Ka\u017cdy gospodarz stara si\u0119 zaimponowa\u0107 zaproszonym jakim\u015b wyj\u0105tkowym daniem. A \u017ce wszyscy potrafimy gotowa\u0107 to kolacje obfituj\u0105 we wspania\u0142e kulinarne niespodzianki. I podkre\u015bli\u0107 musz\u0119, \u017ce udane.<\/p>\n<p><a href=\"\/wp-content\/uploads\/2014\/02\/perliczka-fot-East-News-2.jpg\"><img loading=\"lazy\" decoding=\"async\" class=\"aligncenter size-medium wp-image-11826\" title=\"Helmperlhuhn, Numida meleagris,\" src=\"\/wp-content\/uploads\/2014\/02\/perliczka-fot-East-News-2-300x245.jpg\" alt=\"\" width=\"300\" height=\"245\" srcset=\"\/adamczewski\/wp-content\/uploads\/2014\/02\/perliczka-fot-East-News-2-300x245.jpg 300w, \/adamczewski\/wp-content\/uploads\/2014\/02\/perliczka-fot-East-News-2.jpg 640w\" sizes=\"(max-width: 300px) 100vw, 300px\" \/><\/a><\/p>\n<p><em>Fot. East News<\/em><\/p>\n<p>Par\u0119 razy (w r\u00f3\u017cnych domach) by\u0142y to &#8211; wyra\u017anie modne w tym roku &#8211; perliczki na wiele sposob\u00f3w oraz czerwony barszcz z truflami.<\/p>\n<p><!--more--><\/p>\n<p>Z przyjemno\u015bci\u0105 si\u0119gn\u0105\u0142em te\u017c do opis\u00f3w karnawa\u0142owych przyj\u0119\u0107 w II RP. To bardzo inspiruj\u0105ca lektura. Zw\u0142aszcza relacje z bal\u00f3w s\u0142yn\u0105cych ze skandali.<\/p>\n<p>&#8222;Szczeg\u00f3ln\u0105 &#8211; skandalizuj\u0105c\u0105 &#8211; s\u0142aw\u0119 zyska\u0142y bale \u015brodowisk artystycznych, zw\u0142aszcza m\u0142odych malarzy, student\u00f3w warszawskiej i krakowskiej akademii. Tam fraki, szampana i kawior zast\u0119powa\u0142a improwizacja, spontaniczne szale\u0144stwo i w\u00f3dka jako podstawa menu. &#8222;ostawcie w domu fraki i szelki, str\u00f3j byle jaki, a grunt to butelki&#8221; &#8211; wzywa\u0142 afisz zapraszaj\u0105cy do Jamy Michalikowej na &#8222;Byczy-bal literancki&#8221;. W legendarnej krakowskiej Jamie, w karnawale, pod zagadkow\u0105 nazw\u0105 &#8222;Inkamalajo&#8221;, odbywa\u0142y si\u0119 zabawy kostiumowe plastyk\u00f3w i ich przyjaci\u00f3\u0142. Zygmunt Le\u015bnodorski pisa\u0142: &#8222;Obowi\u0105zywa\u0142o na nich przebranie, kt\u00f3re zreszt\u0105 mo\u00adg\u0142o by\u0107 byle jakie, chocia\u017cby pi\u017cama lub w\u00f3r z wyci\u0119tymi otworami na g\u0142ow\u0119 i r\u0119\u00adce (tak si\u0119 wystroi\u0142 raz (&#8230;) Karol Estreicher). Gdy u wej\u015bcia pojawi\u0142 si\u0119 kto\u015b w zwyk\u0142ej marynarce, albo co gorzej w smokingu, malarze z komitetu chwytali go w swe obroty. Marynark\u0119 odwracano mu podszewk\u0105 ku g\u00f3rze, gors koszuli i twarz malowano w kolorowe desenie, do w\u0142os\u00f3w wpinano pi\u00f3ra lub inne ozdoby, po czym dopiero w\u015br\u00f3d ryku &#8222;Inkamalajo&#8221; wprowadzano oszo\u0142omionego go\u015bcia do sali. Przedstawia\u0142a za\u015b ona osobliwy wygl\u0105d. \u015aciany by\u0142y pokryte cudacznie-futurystyczn\u0105 dekoracj\u0105 (orgia kszta\u0142t\u00f3w i barw), orkiestra grzmia\u0142a w ciasnej prze\u00adstrzeni, zawiane towarzystwo ta\u0144czy\u0142o w dzikich podskokach, t\u0142oczy\u0142o si\u0119 lub le\u017ca\u0142o pokotem na przytulnych kanapkach, albo siedzia\u0142o wprost na pod\u0142odze. (&#8230;) Balami plastyk\u00f3w gorszono si\u0119 jednak nieco na mie\u015bcie i opowiadano o nich niestworzone historie&#8221;.<\/p>\n<p><a href=\"\/wp-content\/uploads\/2014\/02\/Szampan-rocznik-99.jpg\"><img loading=\"lazy\" decoding=\"async\" class=\"alignleft size-medium wp-image-11810\" title=\"OLYMPUS DIGITAL CAMERA\" src=\"\/wp-content\/uploads\/2014\/02\/Szampan-rocznik-99-225x300.jpg\" alt=\"\" width=\"225\" height=\"300\" srcset=\"\/adamczewski\/wp-content\/uploads\/2014\/02\/Szampan-rocznik-99-225x300.jpg 225w, \/adamczewski\/wp-content\/uploads\/2014\/02\/Szampan-rocznik-99.jpg 360w\" sizes=\"(max-width: 225px) 100vw, 225px\" \/><\/a>Jaros\u0142aw Iwaszkiewicz wspomina\u0142 bal w warszawskiej Szkole Sztuk Pi\u0119knych: &#8222;Obmy\u015bli\u0142em sobie kostium &#8222;po\u0142awiacza pere\u0142&#8221; Wanda Telakowska opowiada, \u017ce by\u0142em ca\u0142kiem nagi, ale to jest nieprawda, mia\u0142em tylko obna\u017cone ramiona. A zreszt\u0105 wszystko by\u0142o przykryte g\u0119st\u0105 siatk\u0105 sztucznych pere\u0142&#8221;. W\u0142odzimierz Bar\u00adtoszewicz zapami\u0119ta\u0142 studenta, kt\u00f3ry &#8222;ubra\u0142 si\u0119&#8221; w blaszany piecyk, tak zwan\u0105 koz\u0119, &#8222;tak na\u0142o\u017cony, \u017ce drzwiczki wypada\u0142y w miejscu, na kt\u00f3rym normalnie ludzie zwykli siadywa\u0107&#8230; Na drzwiczkach przyklejony by\u0142 napis: &#8222;Nie otwiera\u0107!&#8221; To wy\u00adstarczy\u0142o, by sporo ciekawskich te drzwiczki otwiera\u0142o, zamykaj\u0105c je zaraz z po\u00ad\u015bpiechem&#8230;&#8221;.&#8221;<\/p>\n<p>Wprawdzie na wsi mamy piecyk typu koza ale jest on \u017celiwny i nie widz\u0119 nikogo na tyle silnego, by by\u0142 w stanie nosi\u0107 go na sobie w charakterze fraka. Ale pomys\u0142 niew\u0105tpliwie przedni (czy raczej zadni!?).<\/p>\n","protected":false},"excerpt":{"rendered":"<p>I jeszcze d\u0142ugo potrwa. Wielkanoc bowiem dopiero w ko\u0144cu kwietnia. Czyli okres postu rozpocznie si\u0119 dopiero w po\u0142owie marca. Do tej pory mo\u017cna si\u0119 wyszale\u0107 do woli. Korzystamy z tego w tym roku wyj\u0105tkowo obficie. Niemal co tydzie\u0144 (w sobot\u0119 lub w niedziel\u0119) podejmujemy przyjaci\u00f3\u0142. A w te pozosta\u0142e bywamy z kolei u nich. Ka\u017cdy [&hellip;]<\/p>\n","protected":false},"author":2,"featured_media":0,"comment_status":"open","ping_status":"closed","sticky":false,"template":"","format":"standard","meta":{"footnotes":""},"categories":[1],"tags":[],"_links":{"self":[{"href":"https:\/\/blog.polityka.pl\/adamczewski\/wp-json\/wp\/v2\/posts\/11805"}],"collection":[{"href":"https:\/\/blog.polityka.pl\/adamczewski\/wp-json\/wp\/v2\/posts"}],"about":[{"href":"https:\/\/blog.polityka.pl\/adamczewski\/wp-json\/wp\/v2\/types\/post"}],"author":[{"embeddable":true,"href":"https:\/\/blog.polityka.pl\/adamczewski\/wp-json\/wp\/v2\/users\/2"}],"replies":[{"embeddable":true,"href":"https:\/\/blog.polityka.pl\/adamczewski\/wp-json\/wp\/v2\/comments?post=11805"}],"version-history":[{"count":5,"href":"https:\/\/blog.polityka.pl\/adamczewski\/wp-json\/wp\/v2\/posts\/11805\/revisions"}],"predecessor-version":[{"id":11827,"href":"https:\/\/blog.polityka.pl\/adamczewski\/wp-json\/wp\/v2\/posts\/11805\/revisions\/11827"}],"wp:attachment":[{"href":"https:\/\/blog.polityka.pl\/adamczewski\/wp-json\/wp\/v2\/media?parent=11805"}],"wp:term":[{"taxonomy":"category","embeddable":true,"href":"https:\/\/blog.polityka.pl\/adamczewski\/wp-json\/wp\/v2\/categories?post=11805"},{"taxonomy":"post_tag","embeddable":true,"href":"https:\/\/blog.polityka.pl\/adamczewski\/wp-json\/wp\/v2\/tags?post=11805"}],"curies":[{"name":"wp","href":"https:\/\/api.w.org\/{rel}","templated":true}]}}