
{"id":11849,"date":"2014-02-21T07:00:30","date_gmt":"2014-02-21T06:00:30","guid":{"rendered":"http:\/\/adamczewski.blog.polityka.pl\/?p=11849"},"modified":"2014-02-19T10:20:15","modified_gmt":"2014-02-19T09:20:15","slug":"kto-nas-powolal-do-zycia","status":"publish","type":"post","link":"https:\/\/blog.polityka.pl\/adamczewski\/2014\/02\/21\/kto-nas-powolal-do-zycia\/","title":{"rendered":"Kto nas powo\u0142a\u0142 do \u017cycia?"},"content":{"rendered":"<div id=\"_mcePaste\">Stawiaj\u0105c to pytanie mam na my\u015bli nas Polak\u00f3w. Coraz cz\u0119\u015bciej bowiem historycy prezentuj\u0105 nowe hipotezy zaprzeczaj\u0105ce bajdom o Pia\u015bcie Ko\u0142odzieju, Polanach i \u00a0s\u0142owia\u0144skim w\u0142adcy Mieszku, kt\u00f3ry mia\u0142 swych pobratymc\u00f3w zmobilizowa\u0107 do przeciwstawienia si\u0119 germa\u0144skiej ekspansji i do utworzenia silnej organizacji wojskowej oraz pa\u0144stwowej.<\/div>\n<div id=\"_mcePaste\">Czytanie ksi\u0105\u017cek historycznych zawsze sprawia\u0142o mi przyjemno\u015b\u0107, zw\u0142aszcza gdy historia polityczna \u0142\u0105czy\u0142a si\u0119 z histori\u0105 obyczaj\u00f3w i &#8211; co oczywiste -sto\u0142u. Z rado\u015bci\u0105 i nadziej\u0105 na nowe odkrycia siad\u0142em wi\u0119c do lektury dzie\u0142a Zdzis\u0142awa Skroka &#8222;Czy wikingowie stworzyli Polsk\u0119?&#8221; (Iskry 2013). Autor to archeolog i popularyzator nauki. A ksi\u0105\u017cka &#8211; moim zdaniem &#8211; powinna pobudzi\u0107 dyskusj\u0119 o naszym pa\u0144stwowym i narodowym rodowodzie.<!--more--><\/div>\n<div id=\"_mcePaste\"><a href=\"\/wp-content\/uploads\/2014\/02\/skrok_Czy-wikingowie-stworzyli-polske.jpg\"><img loading=\"lazy\" decoding=\"async\" class=\"alignleft size-medium wp-image-11855\" title=\"skrok_Czy wikingowie stworzyli polske\" src=\"\/wp-content\/uploads\/2014\/02\/skrok_Czy-wikingowie-stworzyli-polske-185x300.jpg\" alt=\"\" width=\"185\" height=\"300\" \/><\/a>Zaczyna Skrok od silnego uderzenia: &#8221; Pa\u0144stwo polskie rzeczywi\u015bcie powsta\u0142o w wyniku militarnego przewrotu, ale czynnik sprawczy i decyduj\u0105cy nie by\u0142 pochodzenia miejscowego, lecz zewn\u0119trznego. Byli nim skandynawscy Waregowie, kt\u00f3rzy przybyli z Rusi Kijowskiej w pierwszych dziesi\u0119cioleciach X wieku, wspierani w drugiej po\u0142owie tego\u017c stuleciach przez wiking\u00f3w z Pomorza, w szczeg\u00f3lno\u015bci z Wolina. Wizyty Skandynaw\u00f3w na naszych ziemiach po zasiedleniu ich przez S\u0142owian zdarza\u0142y si\u0119 wielokrotnie, poczynaj\u0105c od VI wieku; pozostawi\u0142y swe uchwytne dla archeolog\u00f3w \u015blady, ale zap\u0142on inicjuj\u0105cy powstanie pa\u0144stwa nast\u0105pi\u0142 dopiero w wieku X. W tym czasie Skandynawowie tworzyli najbardziej tw\u00f3rcz\u0105 i dynamiczn\u0105 populacj\u0119 w Europie. Byli niedo\u015bcig\u0142ymi \u017ceglarzami, konstruktorami okr\u0119t\u00f3w, wojownikami, r\u00f3wnie\u017c tw\u00f3rcami lub inicjatorami powstawania pa\u0144stw. Dzia\u0142ali w ca\u0142ej Europie, szczeg\u00f3lnie w rejonach po\u0142o\u017conych na morskich wybrze\u017cach i nad wielkimi rzekami, od Irlandii po Sycyli\u0119, od Nowogrodu po Konstantynopol. By\u0142oby dziwne, gdyby nie zawitali na nasze ziemie. Do uj\u015bcia Odry i Wis\u0142y ze swej ojczyzny mieli najbli\u017cej. Bez trudu te\u017c Prypeci\u0105 i Bugiem mogli dop\u0142ywa\u0107 na nasze ziemie z Kijowa, gdzie ju\u017c pod koniec IX wieku za\u0142o\u017cyli swe pa\u0144stwo. Moim zdaniem stamt\u0105d przyby\u0142a najwi\u0119ksza ich fala i bezpo\u015brednio przyczyni\u0142a si\u0119 do powstania Polski, nie zbudowa\u0142a jej, tylko sta\u0142a si\u0119 jej zaczynem, tw\u00f3rcz\u0105 inspiracj\u0105. Ziemie, na kt\u00f3re przybyli, nie by\u0142y bezludne. Ich mieszka\u0144cy, kt\u00f3rzy pojawili si\u0119 tam kilka stuleci wcze\u015bniej, \u017cyli w gminnych, opolnych wsp\u00f3lnotach i nie stworzyli wi\u0119kszej wsp\u00f3lnoty pa\u0144stwowej, potrafili jednak broni\u0107 si\u0119 w swych grodach. Waregowie byli specjalistami od podboj\u00f3w, grody kolejno zdobywali, palili i r\u00f3wnali z ziemi\u0105. Ludno\u015b\u0107 sprzedawali w niewol\u0119 albo zmuszali do uleg\u0142o\u015bci. Archeolodzy, odnajduj\u0105cy \u015blady tej wielkiej po\u017cogi \u015bwiadcz\u0105cej o unicestwieniu dawnych porz\u0105dk\u00f3w w Wielkopolsce i na Kujawach (wcze\u015bniej nast\u0105pi\u0142o to na Mazowszu), ustalili, \u017ce nast\u0105pi\u0142o to w latach trzydziestych X wieku.<\/div>\n<div id=\"_mcePaste\">2. Okoliczno\u015b\u0107 ta nie tylko nie powinna psu\u0107 nam dobrego nastroju i odbiera\u0107 poczucia dumy z tego, \u017ce jeste\u015bmy Polakami. Wr\u0119cz przeciw?nie, mo\u017ce by\u0107 \u017ar\u00f3d\u0142em zadowolenia i satysfakcji. (&#8230;) Normanowie byli w\u00f3wczas mistrzami w inicjowaniu organizacji politycznych \u0142\u0105cz\u0105cych w silne organizmy lokalne wsp\u00f3lnoty i udowadniali to na szerokim \u015bwiecie, a wiele pa\u0144stw istniej\u0105cych do dzi\u015b zawdzi\u0119cza im swe powstanie i nie tai ich zas\u0142ug. Czynili to oczywi\u015bcie z powodu w\u0142asnych korzy\u015bci, bo wsz\u0119dzie obejmowali rol\u0119 przyw\u00f3dcz\u0105. Ale z drugiej strony szybko asymilowali si\u0119 z ludno\u015bci\u0105 tubylcz\u0105, tworz\u0105c jednolit\u0105 grup\u0119 etniczn\u0105 \u017cyj\u0105c\u0105 w granicach pa\u0144stwa, kt\u00f3re by\u0142o ich darem. S\u0142owianie za\u015b byli w tym czasie wszecheuropejski-mi mistrzami w trudnej sztuce przetrwania, w okrutnym surviwalu, jaki zafundowa\u0142a im w Europie epoka walki &#8222;wszystkich ze wszystkimi&#8221;, w okresie w\u0119dr\u00f3wek lud\u00f3w i niszczycielskich najazd\u00f3w azjatyckich koczownik\u00f3w na pocz\u0105tku \u015bredniowiecza. Obok sztuki mimikry i adaptowania rzeczy prostych, ale u\u017cytecznych, ich si\u0142a przetrwania polega\u0142a r\u00f3wnie\u017c i na tym, \u017ce szybko uczyli si\u0119 umiej\u0119tno\u015bci nieodzownych do dalszego trwania w dynamicznie zmieniaj\u0105cym si\u0119 \u015bwiecie. Uczyli si\u0119 od wszystkich, kt\u00f3rzy mieli co\u015b warto\u015bciowego do zaoferowania. (&#8230;) W du\u017cej mierze wi\u0119c to, \u017ce jeste\u015bmy dzi\u015b Polakami, a historia naszej pa\u0144stwowo\u015bci przekracza tysi\u0105clecie, zawdzi\u0119czamy tamtemu w\u0142a\u015bnie sprz\u0119\u017ceniu Wareg\u00f3w i S\u0142owian, reakcji potrzeby i jej zaspokojenia, z kt\u00f3rej po stuleciach wy\u0142oni\u0142a si\u0119 nowa, jednolita ju\u017c jako\u015b\u0107.&#8221;<\/div>\n<div id=\"_mcePaste\">Na niemal czterystu stronach autor odkrywa przed zdumionym czytelnikiem ca\u0142kiem nowe i nieznane horyzonty. Uzasadnia te\u017c przekonuj\u0105co dlaczego zar\u00f3wno za czas\u00f3w Boles\u0142awa Krzywoustego jak i w epoce PRL w\u0142adcom nie by\u0142o na r\u0119k\u0119 opublikowanie prawdziwej historii.<\/div>\n<div id=\"_mcePaste\">Kto zechce ten b\u0119dzie m\u00f3g\u0142 sam si\u0119 przekona\u0107 jak to by\u0142o naprawd\u0119. Ciekawi za\u015b nie b\u0119d\u0105 \u017ca\u0142owa\u0107. Ju\u017c sama historia nadwi\u015bla\u0144skiego portu Truso jest wystarczaj\u0105c\u0105 nagrod\u0105 za wysi\u0142ek nie\u0142atwej lektury.<\/div>\n<div id=\"_mcePaste\">Na koniec dwa zdania kulinarne: na warszawskim Br\u00f3dnie archeolodzy odkryli &#8211; i to przed laty &#8211; kilka skrzy\u0144 (kom\u00f3r) do przechowywania zbo\u017ca. W obiektach tych mo\u017cna by\u0142o ziarno gromadzi\u0107 i trzyma\u0107 w dobrym stanie przez d\u0142ugi czas. Lecz skrzynie te s\u0105 wymys\u0142em i konstrukcj\u0105 przetransponowana nad Wis\u0142\u0119 przez Wiking\u00f3w. \u00a0A lepiej to czy gorzej, \u017ce zmienia si\u0119 opowie\u015b\u0107 o naszym rodowodzie? Odpowied\u017a jest prosta: nikt chyba sobie nie wyobra\u017ca, by kr\u00f3la czy nawet pomniejszego wodza skandynawskiego mog\u0142y jak s\u0142owia\u0144skiego poczciwego Popiela zje\u015b\u0107 myszy!<\/div>\n","protected":false},"excerpt":{"rendered":"<p>Stawiaj\u0105c to pytanie mam na my\u015bli nas Polak\u00f3w. Coraz cz\u0119\u015bciej bowiem historycy prezentuj\u0105 nowe hipotezy zaprzeczaj\u0105ce bajdom o Pia\u015bcie Ko\u0142odzieju, Polanach i \u00a0s\u0142owia\u0144skim w\u0142adcy Mieszku, kt\u00f3ry mia\u0142 swych pobratymc\u00f3w zmobilizowa\u0107 do przeciwstawienia si\u0119 germa\u0144skiej ekspansji i do utworzenia silnej organizacji wojskowej oraz pa\u0144stwowej. Czytanie ksi\u0105\u017cek historycznych zawsze sprawia\u0142o mi przyjemno\u015b\u0107, zw\u0142aszcza gdy historia polityczna \u0142\u0105czy\u0142a [&hellip;]<\/p>\n","protected":false},"author":2,"featured_media":0,"comment_status":"open","ping_status":"closed","sticky":false,"template":"","format":"standard","meta":{"footnotes":""},"categories":[1],"tags":[],"_links":{"self":[{"href":"https:\/\/blog.polityka.pl\/adamczewski\/wp-json\/wp\/v2\/posts\/11849"}],"collection":[{"href":"https:\/\/blog.polityka.pl\/adamczewski\/wp-json\/wp\/v2\/posts"}],"about":[{"href":"https:\/\/blog.polityka.pl\/adamczewski\/wp-json\/wp\/v2\/types\/post"}],"author":[{"embeddable":true,"href":"https:\/\/blog.polityka.pl\/adamczewski\/wp-json\/wp\/v2\/users\/2"}],"replies":[{"embeddable":true,"href":"https:\/\/blog.polityka.pl\/adamczewski\/wp-json\/wp\/v2\/comments?post=11849"}],"version-history":[{"count":6,"href":"https:\/\/blog.polityka.pl\/adamczewski\/wp-json\/wp\/v2\/posts\/11849\/revisions"}],"predecessor-version":[{"id":11862,"href":"https:\/\/blog.polityka.pl\/adamczewski\/wp-json\/wp\/v2\/posts\/11849\/revisions\/11862"}],"wp:attachment":[{"href":"https:\/\/blog.polityka.pl\/adamczewski\/wp-json\/wp\/v2\/media?parent=11849"}],"wp:term":[{"taxonomy":"category","embeddable":true,"href":"https:\/\/blog.polityka.pl\/adamczewski\/wp-json\/wp\/v2\/categories?post=11849"},{"taxonomy":"post_tag","embeddable":true,"href":"https:\/\/blog.polityka.pl\/adamczewski\/wp-json\/wp\/v2\/tags?post=11849"}],"curies":[{"name":"wp","href":"https:\/\/api.w.org\/{rel}","templated":true}]}}