
{"id":1191,"date":"2009-09-16T08:00:44","date_gmt":"2009-09-16T06:00:44","guid":{"rendered":"http:\/\/adamczewski.blog.polityka.pl\/?p=1191"},"modified":"2009-09-03T14:55:02","modified_gmt":"2009-09-03T12:55:02","slug":"zgadnij-co-gotujemy-3b","status":"publish","type":"post","link":"https:\/\/blog.polityka.pl\/adamczewski\/2009\/09\/16\/zgadnij-co-gotujemy-3b\/","title":{"rendered":"Zgadnij co gotujemy? (3B)"},"content":{"rendered":"<p>Dzi\u015b pojedziemy do\u015b\u0107 daleko, bo na sam kraniec Europy. Ale oczywi\u015bcie zatrzymamy si\u0119 w kuchni. Kuchni wspania\u0142ej i dla nas egzotycznej. Pojedziemy bowiem do Lizbony.<\/p>\n<p>Nagrod\u0105 w dzisiejszym quizie jest ksi\u0105\u017cka portugalskiego poety Fernando Pessoa pt. &#8222;Lizbona co turysta powinien zobaczy\u0107&#8221;. Poeta urodzi\u0142 si\u0119, \u017cy\u0142 i zmar\u0142 w Lizbonie. Jego przewodnik jest wi\u0119c wyznaniem mi\u0142osnym pod adresem rodzinnego miasta. Mawia si\u0119 o nim, \u017ce by\u0142 jedn\u0105 z najwi\u0119kszych indywidualno\u015bci literackich XX wieku. Warto wi\u0119c z jego ksi\u0105\u017ck\u0105 pod pach\u0105 w\u0119drowa\u0107 uliczkami Bairro Alto czyli starej Lizbony.<\/p>\n<p>Oto pytania:<br \/>\n1 &#8211; Jak nazywa si\u0119 muzyka (pie\u015bni), kt\u00f3rej s\u0142ucha si\u0119 niemal wy\u0142\u0105cznie w restauracjach na koncertach podczas kolacji?<\/p>\n<p>2 &#8211; Owoce morza przypominaj\u0105ce diabelskie kopytka, rosn\u0105ce na podmorskich przybrze\u017cnych ska\u0142ach, zjadane na surowo jako przek\u0105ska?<\/p>\n<p>3 &#8211; Rybki pieczone na ulicznych grillach sprzedawane niemal na ka\u017cdym skrzy\u017cowaniu portugalskich miast to&#8230;?<\/p>\n<p>Kto pierwszy przy\u015ble prawid\u0142owe odpowiedzi na te pytania na adres <a href=\"mailto:internet@polityka.com.pl\">internet@polityka.com.pl<\/a>\u00a0\u00a0\u00a0\u00a0 ten otrzyma ksi\u0105\u017ck\u0119 Fernando Pessoa, z kt\u00f3r\u0105 powinien wybra\u0107 si\u0119 do stolicy Portugalii. Biletu nie zapewniam.<\/p>\n<p>\u00a0<\/p>\n","protected":false},"excerpt":{"rendered":"<p>Dzi\u015b pojedziemy do\u015b\u0107 daleko, bo na sam kraniec Europy. Ale oczywi\u015bcie zatrzymamy si\u0119 w kuchni. Kuchni wspania\u0142ej i dla nas egzotycznej. Pojedziemy bowiem do Lizbony. Nagrod\u0105 w dzisiejszym quizie jest ksi\u0105\u017cka portugalskiego poety Fernando Pessoa pt. &#8222;Lizbona co turysta powinien zobaczy\u0107&#8221;. Poeta urodzi\u0142 si\u0119, \u017cy\u0142 i zmar\u0142 w Lizbonie. Jego przewodnik jest wi\u0119c wyznaniem mi\u0142osnym [&hellip;]<\/p>\n","protected":false},"author":2,"featured_media":0,"comment_status":"open","ping_status":"open","sticky":false,"template":"","format":"standard","meta":{"footnotes":""},"categories":[1],"tags":[],"_links":{"self":[{"href":"https:\/\/blog.polityka.pl\/adamczewski\/wp-json\/wp\/v2\/posts\/1191"}],"collection":[{"href":"https:\/\/blog.polityka.pl\/adamczewski\/wp-json\/wp\/v2\/posts"}],"about":[{"href":"https:\/\/blog.polityka.pl\/adamczewski\/wp-json\/wp\/v2\/types\/post"}],"author":[{"embeddable":true,"href":"https:\/\/blog.polityka.pl\/adamczewski\/wp-json\/wp\/v2\/users\/2"}],"replies":[{"embeddable":true,"href":"https:\/\/blog.polityka.pl\/adamczewski\/wp-json\/wp\/v2\/comments?post=1191"}],"version-history":[{"count":0,"href":"https:\/\/blog.polityka.pl\/adamczewski\/wp-json\/wp\/v2\/posts\/1191\/revisions"}],"wp:attachment":[{"href":"https:\/\/blog.polityka.pl\/adamczewski\/wp-json\/wp\/v2\/media?parent=1191"}],"wp:term":[{"taxonomy":"category","embeddable":true,"href":"https:\/\/blog.polityka.pl\/adamczewski\/wp-json\/wp\/v2\/categories?post=1191"},{"taxonomy":"post_tag","embeddable":true,"href":"https:\/\/blog.polityka.pl\/adamczewski\/wp-json\/wp\/v2\/tags?post=1191"}],"curies":[{"name":"wp","href":"https:\/\/api.w.org\/{rel}","templated":true}]}}