
{"id":12018,"date":"2014-03-19T07:00:22","date_gmt":"2014-03-19T06:00:22","guid":{"rendered":"http:\/\/adamczewski.blog.polityka.pl\/?p=12018"},"modified":"2014-03-19T09:30:33","modified_gmt":"2014-03-19T08:30:33","slug":"maly-domek-dla-malych-ptaszkow","status":"publish","type":"post","link":"https:\/\/blog.polityka.pl\/adamczewski\/2014\/03\/19\/maly-domek-dla-malych-ptaszkow\/","title":{"rendered":"Ma\u0142y domek dla ma\u0142ych ptaszk\u00f3w"},"content":{"rendered":"<div id=\"_mcePaste\">Przez ca\u0142\u0105 zim\u0119 dokarmia\u0142em moich ma\u0142ych skrzydlatych s\u0105siad\u00f3w. Regularnie je\u017adzi\u0142em na wie\u015b (g\u0142\u00f3wnie rzecz jasna po \u015bwie\u017ce jaja) pami\u0119taj\u0105c zawsze o karmie ptasiej. Nie sypa\u0142em nierozwa\u017cnie okruch\u00f3w czy kaszy lub ry\u017cu, kt\u00f3rymi mo\u017cna ptaszkom zaszkodzi\u0107 lecz kupowa\u0142em w sklepach zoologicznych specjaln\u0105 karm\u0119. Niestety nie widzia\u0142em kto to zjada\u0142 ale po tygodniu obydwa karmniki by\u0142y puste. Jeszcze teraz na przedwio\u015bniu dosypuj\u0119 (cho\u0107 nieco mniejsze porcje, bo cz\u0119\u015bciej przyje\u017cd\u017cam) licz\u0105c na to, \u017ce wreszcie trafi\u0119 na moich ptasich klient\u00f3w.<!--more--><a href=\"\/wp-content\/uploads\/2014\/03\/Domek-dla-ptak\u00f3w-na-brzozie.jpg\"><img loading=\"lazy\" decoding=\"async\" class=\"aligncenter size-medium wp-image-12020\" title=\"OLYMPUS DIGITAL CAMERA\" src=\"\/wp-content\/uploads\/2014\/03\/Domek-dla-ptak\u00f3w-na-brzozie-300x225.jpg\" alt=\"\" width=\"300\" height=\"225\" \/><\/a><em>Domek na \u00a0brzozie zawiesi\u0142em wysoko \u00a0Fot. P.Adamczewski<\/em><\/div>\n<div><em><br \/>\n<\/em><\/div>\n<div id=\"_mcePaste\">I uda\u0142o si\u0119. Ostatnio zasta\u0142em za sto\u0142em gromadk\u0119 sikorek, kt\u00f3re najad\u0142szy si\u0119 odfrun\u0119\u0142y. A po nich przylecia\u0142 pojedynczy &#8211; r\u00f3wnie pi\u0119kny &#8211; jaskrawy gil. Mam nadziej\u0119, \u017ce kt\u00f3ry\u015b z tych ptak\u00f3w zamieszka w domku wywieszonym przed laty i dot\u0105d niezamieszka\u0142ym. Wi\u0119ksze szanse mam na lokatorki z \u017c\u00f3\u0142tymi brzuszkami i b\u0142\u0119kitnymi g\u0142\u00f3wkami ni\u017c na \u015bwiec\u0105cego czerwonym brzuszkiem gila. A wiem to z atlasu ptak\u00f3w, w kt\u00f3rym o skrzydlatej Polsce mo\u017cna to wyczyta\u0107:<\/div>\n<div><a href=\"\/wp-content\/uploads\/2014\/03\/Sikorka-_fot-Stanislaw-Kowalczuk_East-News.jpg\"><img loading=\"lazy\" decoding=\"async\" class=\"aligncenter size-medium wp-image-12022\" title=\"Sikorka _fot  Stanislaw Kowalczuk_East News\" src=\"\/wp-content\/uploads\/2014\/03\/Sikorka-_fot-Stanislaw-Kowalczuk_East-News-300x234.jpg\" alt=\"\" width=\"300\" height=\"234\" srcset=\"\/adamczewski\/wp-content\/uploads\/2014\/03\/Sikorka-_fot-Stanislaw-Kowalczuk_East-News-300x234.jpg 300w, \/adamczewski\/wp-content\/uploads\/2014\/03\/Sikorka-_fot-Stanislaw-Kowalczuk_East-News.jpg 640w\" sizes=\"(max-width: 300px) 100vw, 300px\" \/><\/a><em>Fot. East News\/ Stanis\u0142aw Kowalczuk<\/em><\/div>\n<div id=\"_mcePaste\"><strong>Sikora modra<\/strong> ma niebieski wierzch g\u0142owy, skrzyd\u0142a i ogon niebieskie, sp\u00f3d \u017c\u00f3\u0142ty. \u017byje w parkach, ogrodach i lasach li\u015bciastych, szczeg\u00f3lnie na d\u0119bach i bukach. Przeznaczone dla niej budki l\u0119gowe musz\u0105 mie\u0107 ma\u0142y otw\u00f3r, gdy\u017c inaczej zostanie przep\u0119dzona przez wi\u0119ksz\u0105 i silniejsz\u0105 bogatk\u0119. Sikora bogatka ma czarn\u0105 &#8222;czapeczk\u0119&#8221;, a na \u017c\u00f3\u0142tym brzuchu czarn\u0105 lini\u0119 \u015brodkow\u0105. Jako jeden z pierwszych ptak\u00f3w \u015bpiewa zapowiadaj\u0105c nadej\u015bcie wiosny. Ch\u0119tnie zak\u0142ada gniazda w budce l\u0119gowej ( moja jest wi\u0119c do dyspozycji &#8211; P.Ad.), cz\u0119sto w skrzynce na listy. Inne sikory to: czubatka &#8211; br\u0105zowa z czarno-bia\u0142ym czubkiem, uboga, czarnog\u0142owa, sosn\u00f3wka. W okresie zimy sikorki skrupulatnie przeszukuj\u0105 ga\u0142\u0105zki i kor\u0119 drzew, wydobywaj\u0105c z jej p\u0119kni\u0119\u0107 i zakamark\u00f3w zimuj\u0105ce oprz\u0119dy poczwarek, jaja owad\u00f3w, cz\u0119sto szkodliwych, tote\u017c ptaki te stanowi\u0105 powa\u017cny czynnik w utrzymaniu r\u00f3wnowagi biologicznej las\u00f3w, park\u00f3w, ogrod\u00f3w. Sikorki ch\u0119tnie odwiedzaj\u0105 wystawione dla nich karmniki z wy\u0142o\u017con\u0105 dla nich s\u0142onin\u0105, domieszk\u0105 nasion konopiastych, lnu, s\u0142onecznika, konopi.<\/div>\n<div><a href=\"\/wp-content\/uploads\/2014\/03\/Gil_East-news-1.jpg\"><img loading=\"lazy\" decoding=\"async\" class=\"aligncenter size-medium wp-image-12023\" title=\"Gil_East news 1\" src=\"\/wp-content\/uploads\/2014\/03\/Gil_East-news-1-300x265.jpg\" alt=\"\" width=\"300\" height=\"265\" srcset=\"\/adamczewski\/wp-content\/uploads\/2014\/03\/Gil_East-news-1-300x265.jpg 300w, \/adamczewski\/wp-content\/uploads\/2014\/03\/Gil_East-news-1.jpg 640w\" sizes=\"(max-width: 300px) 100vw, 300px\" \/><\/a><em>Fot. East News<\/em><\/div>\n<div><em><br \/>\n<\/em><\/div>\n<div><strong>Gil<\/strong> te\u017c jest dobrym \u015bpiewakiem, ale nie zawsze mile widzianym go\u015bciem w ogrodach, bo swym dziobkiem rozrywa wiele wiosennych p\u0105czk\u00f3w. Jest ozdob\u0105 zimowego krajobrazu. Jego czerwone podbrzusze niby barwne kwiaty kontrastuje z biel\u0105 o\u015bnie\u017conych ga\u0142\u0119zi. Na g\u0142owie ma czarn\u0105 czapeczk\u0119, szare boki, czarny ogon i szaroczarne skrzyd\u0142a. Do gniazd gila cz\u0119sto podrzuca jaja kuku\u0142ka. Jego po\u017cywieniem s\u0105 nasiona drzew li\u015bciastych, jagody jarz\u0119biny. Buduje gniazda na wysoko\u015bci wzrostu cz\u0142owieka, na ga\u0142\u0119ziach \u015bwierka lub ja\u0142owca. (A i \u015bwierk, i ja\u0142owce rosn\u0105 na moim terenie.)<\/div>\n<div id=\"_mcePaste\">Nawiasem m\u00f3wi\u0105c mieszkaj\u0105 w okolicy liczne kuku\u0142ki. B\u0119d\u0119 wi\u0119c uwa\u017cnie obserwowa\u0142 czy podrzuc\u0105 gilom (je\u015bli te tu osi\u0105d\u0105) swoje kuku\u0142cze jaja.<\/div>\n<div id=\"_mcePaste\">Jak wida\u0107 idzie wiosna!<\/div>\n","protected":false},"excerpt":{"rendered":"<p>Przez ca\u0142\u0105 zim\u0119 dokarmia\u0142em moich ma\u0142ych skrzydlatych s\u0105siad\u00f3w. Regularnie je\u017adzi\u0142em na wie\u015b (g\u0142\u00f3wnie rzecz jasna po \u015bwie\u017ce jaja) pami\u0119taj\u0105c zawsze o karmie ptasiej. Nie sypa\u0142em nierozwa\u017cnie okruch\u00f3w czy kaszy lub ry\u017cu, kt\u00f3rymi mo\u017cna ptaszkom zaszkodzi\u0107 lecz kupowa\u0142em w sklepach zoologicznych specjaln\u0105 karm\u0119. Niestety nie widzia\u0142em kto to zjada\u0142 ale po tygodniu obydwa karmniki by\u0142y puste. [&hellip;]<\/p>\n","protected":false},"author":2,"featured_media":0,"comment_status":"open","ping_status":"closed","sticky":false,"template":"","format":"standard","meta":{"footnotes":""},"categories":[1],"tags":[],"_links":{"self":[{"href":"https:\/\/blog.polityka.pl\/adamczewski\/wp-json\/wp\/v2\/posts\/12018"}],"collection":[{"href":"https:\/\/blog.polityka.pl\/adamczewski\/wp-json\/wp\/v2\/posts"}],"about":[{"href":"https:\/\/blog.polityka.pl\/adamczewski\/wp-json\/wp\/v2\/types\/post"}],"author":[{"embeddable":true,"href":"https:\/\/blog.polityka.pl\/adamczewski\/wp-json\/wp\/v2\/users\/2"}],"replies":[{"embeddable":true,"href":"https:\/\/blog.polityka.pl\/adamczewski\/wp-json\/wp\/v2\/comments?post=12018"}],"version-history":[{"count":7,"href":"https:\/\/blog.polityka.pl\/adamczewski\/wp-json\/wp\/v2\/posts\/12018\/revisions"}],"predecessor-version":[{"id":12041,"href":"https:\/\/blog.polityka.pl\/adamczewski\/wp-json\/wp\/v2\/posts\/12018\/revisions\/12041"}],"wp:attachment":[{"href":"https:\/\/blog.polityka.pl\/adamczewski\/wp-json\/wp\/v2\/media?parent=12018"}],"wp:term":[{"taxonomy":"category","embeddable":true,"href":"https:\/\/blog.polityka.pl\/adamczewski\/wp-json\/wp\/v2\/categories?post=12018"},{"taxonomy":"post_tag","embeddable":true,"href":"https:\/\/blog.polityka.pl\/adamczewski\/wp-json\/wp\/v2\/tags?post=12018"}],"curies":[{"name":"wp","href":"https:\/\/api.w.org\/{rel}","templated":true}]}}