
{"id":1202,"date":"2009-09-14T08:00:38","date_gmt":"2009-09-14T06:00:38","guid":{"rendered":"http:\/\/adamczewski.blog.polityka.pl\/?p=1202"},"modified":"2009-09-14T17:51:38","modified_gmt":"2009-09-14T15:51:38","slug":"protokol-z-iii-miedzynarodowego-zjazdu-gotuj-sie","status":"publish","type":"post","link":"https:\/\/blog.polityka.pl\/adamczewski\/2009\/09\/14\/protokol-z-iii-miedzynarodowego-zjazdu-gotuj-sie\/","title":{"rendered":"Protok\u00f3\u0142 z III Mi\u0119dzynarodowego Zjazdu &#8222;Gotuj si\u0119!&#8221;"},"content":{"rendered":"<p>Miejsce Zjazdu: \u017babie B\u0142ota (ko\u0142o kt\u00f3rych jest Po\u0142czyn Zdr\u00f3j a nieco dalej nawet S\u0142upsk i Koszalin).<br \/>\nCzas Zjazdu: formalny\u00a0&#8211; 12 i 13 wrze\u015bnia; z dniami przygotowa\u0144 i po\u017cegna\u0144 10,11 i 14 wrze\u015bnia.<\/p>\n<p>Kworum: wystarczaj\u0105ce czyli Zjazd wa\u017cny.<\/p>\n<p>Obecni: b\u0119d\u0105 pokazani na licznych zdj\u0119ciach w blogu i &#8222;Polityce&#8221;.<\/p>\n<p>Nieobecni i nieusprawiedliwieni: Arcadius z Przyjacielem (nikt nic nie wie a preznety przyjecha\u0142y a\u017c zza Wiednia), Marek czyli Mi\u015b z Rur\u0105 ( nie zna geografii, bo twierdzi, \u017ce do \u017babich B\u0142ot jest 600 km, cho\u0107 licznik mojego auta zarejestrowa\u0142 zaledwie 400, a na bol\u0105c\u0105 nog\u0119 nic lepszego ni\u017c b\u0142ota) Antek (bo wola\u0142 co innego), Stanis\u0142aw (bo \u017cadna praca nie jest usprawiedliwieniem) yyc ( bo \u017caden inny zjazd nie jest wa\u017cniejszy) Ana (bo walczy z wiatrakami).<\/p>\n<p>Nieobecni usprawiedliwieni: paOLOre i Jolinek (mieli usprawiedliwienie podpisane przez Pana Lulka osobi\u015bcie), S\u0142awek (to samo ale z podpisem Rudego), Dorota z S\u0105siedztwa (ma zszarpane struny), Mor\u0105g (bo w szkole nie ma \u017cadnej zarazy ani paso\u017cyt\u00f3w), Echidna (bo u niej wieje ale w innym kierunku ni\u017c potrzeba), Nirrod (bo przysparza blogowicz\u00f3w).<\/p>\n<p>Na stole: pasztety, ciasta, wina, nalewki, chleby.<\/p>\n<p>Obok sto\u0142u na ognisku: pstr\u0105gi z\u0142owione, oprawione i pieczone przez m\u0119\u017ca Danu\u015bki czyli Francuza, kt\u00f3ry m\u00f3wi, ca\u0142e prosi\u0119 nazio\u0142owane i pieczone, kie\u0142baski szykowane do ognia.<\/p>\n<p>Pod sto\u0142em: liczna reprezentacja dzieci nie wiadomo sk\u0105d, nie wiadomo czyich ale rozdokazywanych, mi\u0142ych i weso\u0142ych.<\/p>\n<p>Na terenach zjazdowych liczne psy\u00a0&#8211; ma\u0142e, \u015brednie i du\u017ce (cz\u0119sto wyjadaj\u0105ce z talerzy zagapionym blogowiczom). Tu da\u0142 si\u0119 zauwa\u017cy\u0107 brak Owczarka z S\u0105siedztwa.<\/p>\n<p>Wok\u00f3\u0142 teren\u00f3w zjazdowych (49 ha) stado koni i \u017arebi\u0105t przychodz\u0105cych na wezwanie i domagaj\u0105cych si\u0119 pieszczot.<\/p>\n<p>Podczas Zjazdu jedzono, pito, rozmawiano, decydowano, podejmowano i wymieniano. Jednym z najwa\u017cniejszych punkt\u00f3w programu by\u0142a laudacja wyg\u0142oszona po polsku, cho\u0107 powinna po francusku i wr\u0119czanie prezent\u00f3w (g\u0142\u00f3wnie Starej \u017babie).<\/p>\n<p>Uchwa\u0142y zjazdowe podejmowane arbitralnie przez poszczeg\u00f3lnych uczestnik\u00f3w b\u0119d\u0105 podawane do wiadomo\u015bci\u00a0 w odpowiednich terminach. Zdj\u0119cia\u00a0&#8211; tak\u017ce. Pierwsze dojd\u0105 nawet jeszcze dzisiaj ale w godzinach p\u00f3\u017aniejszych.<\/p>\n<p>Oto foto:<\/p>\n<p>\u00a0<img loading=\"lazy\" decoding=\"async\" class=\"aligncenter size-full wp-image-1205\" title=\"blota-corka-zabyp91200201\" src=\"\/wp-content\/uploads\/2009\/09\/blota-corka-zabyp91200201.jpg\" alt=\"C\u00f3rka i wnuk \u017baby\" width=\"500\" height=\"375\" srcset=\"\/adamczewski\/wp-content\/uploads\/2009\/09\/blota-corka-zabyp91200201.jpg 640w, \/adamczewski\/wp-content\/uploads\/2009\/09\/blota-corka-zabyp91200201-300x225.jpg 300w\" sizes=\"(max-width: 500px) 100vw, 500px\" \/><\/p>\n<p><em>\u00a0C\u00f3rka i wnuk \u017baby<\/em><\/p>\n<p><a href=\"\/wp-content\/uploads\/2009\/09\/blota-i-alain-p91200161.jpg\"><img loading=\"lazy\" decoding=\"async\" class=\"aligncenter size-full wp-image-1206\" title=\"blota-i-alain-p91200161\" src=\"\/wp-content\/uploads\/2009\/09\/blota-i-alain-p91200161.jpg\" alt=\"\" width=\"500\" height=\"375\" srcset=\"\/adamczewski\/wp-content\/uploads\/2009\/09\/blota-i-alain-p91200161.jpg 640w, \/adamczewski\/wp-content\/uploads\/2009\/09\/blota-i-alain-p91200161-300x225.jpg 300w\" sizes=\"(max-width: 500px) 100vw, 500px\" \/><\/a><em><\/em><\/p>\n<p><em>Alain przy pstr\u0105gach<\/em><\/p>\n<p><a href=\"\/wp-content\/uploads\/2009\/09\/blota-i-chorp9120011.jpg\"><img loading=\"lazy\" decoding=\"async\" class=\"aligncenter size-full wp-image-1207\" title=\"blota-i-chorp9120011\" src=\"\/wp-content\/uploads\/2009\/09\/blota-i-chorp9120011.jpg\" alt=\"\" width=\"500\" height=\"375\" srcset=\"\/adamczewski\/wp-content\/uploads\/2009\/09\/blota-i-chorp9120011.jpg 640w, \/adamczewski\/wp-content\/uploads\/2009\/09\/blota-i-chorp9120011-300x225.jpg 300w\" sizes=\"(max-width: 500px) 100vw, 500px\" \/><\/a><\/p>\n<p><em>Sto lat, sto lat&#8230;<\/em><\/p>\n<p><em><a href=\"\/wp-content\/uploads\/2009\/09\/blota-i-druszczp9120024.jpg\"><img loading=\"lazy\" decoding=\"async\" class=\"aligncenter size-full wp-image-1208\" title=\"blota-i-druszczp9120024\" src=\"\/wp-content\/uploads\/2009\/09\/blota-i-druszczp9120024.jpg\" alt=\"\" width=\"500\" height=\"375\" srcset=\"\/adamczewski\/wp-content\/uploads\/2009\/09\/blota-i-druszczp9120024.jpg 640w, \/adamczewski\/wp-content\/uploads\/2009\/09\/blota-i-druszczp9120024-300x225.jpg 300w\" sizes=\"(max-width: 500px) 100vw, 500px\" \/><\/a><\/em><\/p>\n<p><em>Wojtek Druszcz przy pracy<\/em><\/p>\n<p><img loading=\"lazy\" decoding=\"async\" class=\"aligncenter size-full wp-image-1209\" title=\"blota-i-pasztetp9120014\" src=\"\/wp-content\/uploads\/2009\/09\/blota-i-pasztetp9120014.jpg\" alt=\"\" width=\"500\" height=\"375\" srcset=\"\/adamczewski\/wp-content\/uploads\/2009\/09\/blota-i-pasztetp9120014.jpg 640w, \/adamczewski\/wp-content\/uploads\/2009\/09\/blota-i-pasztetp9120014-300x225.jpg 300w\" sizes=\"(max-width: 500px) 100vw, 500px\" \/><\/p>\n<p><em>M\u00f3j Zjazdowy pasztet<\/em><\/p>\n<p><em><\/em><a href=\"\/wp-content\/uploads\/2009\/09\/blota-i-pyryp9120008.jpg\"><img loading=\"lazy\" decoding=\"async\" class=\"aligncenter size-full wp-image-1210\" title=\"blota-i-pyryp9120008\" src=\"\/wp-content\/uploads\/2009\/09\/blota-i-pyryp9120008.jpg\" alt=\"\" width=\"500\" height=\"375\" srcset=\"\/adamczewski\/wp-content\/uploads\/2009\/09\/blota-i-pyryp9120008.jpg 640w, \/adamczewski\/wp-content\/uploads\/2009\/09\/blota-i-pyryp9120008-300x225.jpg 300w\" sizes=\"(max-width: 500px) 100vw, 500px\" \/><\/a><\/p>\n<p><em>Ryba, Pyra i Inka<\/em><\/p>\n<p><em><a href=\"\/wp-content\/uploads\/2009\/09\/blota-i-stolp9120013.jpg\"><img loading=\"lazy\" decoding=\"async\" class=\"aligncenter size-full wp-image-1211\" title=\"blota-i-stolp9120013\" src=\"\/wp-content\/uploads\/2009\/09\/blota-i-stolp9120013.jpg\" alt=\"\" width=\"500\" height=\"375\" srcset=\"\/adamczewski\/wp-content\/uploads\/2009\/09\/blota-i-stolp9120013.jpg 640w, \/adamczewski\/wp-content\/uploads\/2009\/09\/blota-i-stolp9120013-300x225.jpg 300w\" sizes=\"(max-width: 500px) 100vw, 500px\" \/><\/a><\/em><\/p>\n<p><em>Ruch przy stole&#8230;jeszcze pe\u0142nym<\/em><\/p>\n<p><em><a href=\"\/wp-content\/uploads\/2009\/09\/blota-na-pastwoiskup9120030.jpg\"><img loading=\"lazy\" decoding=\"async\" class=\"aligncenter size-full wp-image-1212\" title=\"blota-na-pastwoiskup9120030\" src=\"\/wp-content\/uploads\/2009\/09\/blota-na-pastwoiskup9120030.jpg\" alt=\"\" width=\"500\" height=\"375\" srcset=\"\/adamczewski\/wp-content\/uploads\/2009\/09\/blota-na-pastwoiskup9120030.jpg 640w, \/adamczewski\/wp-content\/uploads\/2009\/09\/blota-na-pastwoiskup9120030-300x225.jpg 300w\" sizes=\"(max-width: 500px) 100vw, 500px\" \/><\/a><\/em><\/p>\n<p><em>Wycieczka na pastwisko<\/em><\/p>\n<p><em><\/em><a href=\"\/wp-content\/uploads\/2009\/09\/blota-reporterkap9120018.jpg\"><img loading=\"lazy\" decoding=\"async\" class=\"aligncenter size-full wp-image-1213\" title=\"blota-reporterkap9120018\" src=\"\/wp-content\/uploads\/2009\/09\/blota-reporterkap9120018.jpg\" alt=\"\" width=\"500\" height=\"375\" srcset=\"\/adamczewski\/wp-content\/uploads\/2009\/09\/blota-reporterkap9120018.jpg 640w, \/adamczewski\/wp-content\/uploads\/2009\/09\/blota-reporterkap9120018-300x225.jpg 300w\" sizes=\"(max-width: 500px) 100vw, 500px\" \/><\/a><\/p>\n<p><em>Basia Pietkiewicz meczy Alicj\u0119<\/em><\/p>\n<p><a href=\"\/wp-content\/uploads\/2009\/09\/blota-piesp9120029.jpg\"><img loading=\"lazy\" decoding=\"async\" class=\"aligncenter size-full wp-image-1214\" title=\"blota-piesp9120029\" src=\"\/wp-content\/uploads\/2009\/09\/blota-piesp9120029.jpg\" alt=\"\" width=\"500\" height=\"375\" srcset=\"\/adamczewski\/wp-content\/uploads\/2009\/09\/blota-piesp9120029.jpg 640w, \/adamczewski\/wp-content\/uploads\/2009\/09\/blota-piesp9120029-300x225.jpg 300w\" sizes=\"(max-width: 500px) 100vw, 500px\" \/><\/a><\/p>\n<p><em>Pies (francuski) ju\u017c opr\u00f3\u017cni\u0142 szklaneczk\u0119, a my&#8230;<\/em><\/p>\n<p>\u00a0<\/p>\n","protected":false},"excerpt":{"rendered":"<p>Miejsce Zjazdu: \u017babie B\u0142ota (ko\u0142o kt\u00f3rych jest Po\u0142czyn Zdr\u00f3j a nieco dalej nawet S\u0142upsk i Koszalin). Czas Zjazdu: formalny\u00a0&#8211; 12 i 13 wrze\u015bnia; z dniami przygotowa\u0144 i po\u017cegna\u0144 10,11 i 14 wrze\u015bnia. Kworum: wystarczaj\u0105ce czyli Zjazd wa\u017cny. Obecni: b\u0119d\u0105 pokazani na licznych zdj\u0119ciach w blogu i &#8222;Polityce&#8221;. Nieobecni i nieusprawiedliwieni: Arcadius z Przyjacielem (nikt nic [&hellip;]<\/p>\n","protected":false},"author":2,"featured_media":0,"comment_status":"open","ping_status":"open","sticky":false,"template":"","format":"standard","meta":{"footnotes":""},"categories":[1],"tags":[],"_links":{"self":[{"href":"https:\/\/blog.polityka.pl\/adamczewski\/wp-json\/wp\/v2\/posts\/1202"}],"collection":[{"href":"https:\/\/blog.polityka.pl\/adamczewski\/wp-json\/wp\/v2\/posts"}],"about":[{"href":"https:\/\/blog.polityka.pl\/adamczewski\/wp-json\/wp\/v2\/types\/post"}],"author":[{"embeddable":true,"href":"https:\/\/blog.polityka.pl\/adamczewski\/wp-json\/wp\/v2\/users\/2"}],"replies":[{"embeddable":true,"href":"https:\/\/blog.polityka.pl\/adamczewski\/wp-json\/wp\/v2\/comments?post=1202"}],"version-history":[{"count":0,"href":"https:\/\/blog.polityka.pl\/adamczewski\/wp-json\/wp\/v2\/posts\/1202\/revisions"}],"wp:attachment":[{"href":"https:\/\/blog.polityka.pl\/adamczewski\/wp-json\/wp\/v2\/media?parent=1202"}],"wp:term":[{"taxonomy":"category","embeddable":true,"href":"https:\/\/blog.polityka.pl\/adamczewski\/wp-json\/wp\/v2\/categories?post=1202"},{"taxonomy":"post_tag","embeddable":true,"href":"https:\/\/blog.polityka.pl\/adamczewski\/wp-json\/wp\/v2\/tags?post=1202"}],"curies":[{"name":"wp","href":"https:\/\/api.w.org\/{rel}","templated":true}]}}