
{"id":122,"date":"2007-01-10T10:00:28","date_gmt":"2007-01-10T09:00:28","guid":{"rendered":"http:\/\/adamczewski.blog.polityka.pl\/?p=122"},"modified":"2007-01-10T10:24:43","modified_gmt":"2007-01-10T09:24:43","slug":"co-gotujemy-22","status":"publish","type":"post","link":"https:\/\/blog.polityka.pl\/adamczewski\/2007\/01\/10\/co-gotujemy-22\/","title":{"rendered":"Zgadnij co gotujemy? (22)"},"content":{"rendered":"<p>W tym tygodniu nagrod\u0105 w quizie jest ta sama kruszarka do zi\u00f3\u0142, kt\u00f3rej nikt nie wygra\u0142 poprzednim razem. Mam nadziej\u0119, \u017ce dzi\u015b pytania nie sprawi\u0105 tyle k\u0142opot\u00f3w i znajdzie si\u0119 blogowicz, kt\u00f3ry rozwi\u0105\u017ce wszystkie trzy zagadki bezb\u0142\u0119dnie. Chcia\u0142bym, by kuchenny przyrz\u0105d projektu m\u0142odego s\u0142ynnego brytyjskiego kucharza Jaimiego Olivera, trafi\u0142 wreszcie w dobre r\u0119ce i by\u0142 u\u017cywany zgodnie z przeznaczeniem.<\/p>\n<p>Oto pytania:<br \/>\n1) Pieprz nie zawsze jest czarny, bywa tak\u017ce bia\u0142y, czerwony lub zielony; jak to si\u0119 dzieje, \u017ce pieprz jest kolorowy?<br \/>\n2) Owoce kawy te\u017c s\u0105 kolorowe &#8211; zielone i czerwone, w kt\u00f3rym momencie s\u0105 dojrza\u0142e do zbior\u00f3w i jakiej barwy s\u0105 ziarenka kawy wy\u0142uskiwane z tych owoc\u00f3w?<br \/>\n3) W sprzeda\u017cy s\u0105 oliwki zielone i czarne, oba rodzaje s\u0105 jadalne, kt\u00f3re s\u0105 dojrza\u0142e?<\/p>\n<p>Odpowiedzi jak zwykle prosz\u0119 przysy\u0142a\u0107 na adres<\/p>\n<p><a href=\"mailto:internet@polityka.com.pl\">internet@polityka.com.pl<\/a><\/p>\n<p>Jak zwykle kto pierwszy ten lepszy. Trzy prawid\u0142owe odpowiedzi umo\u017cliwi\u0105 wys\u0142anie nagrody. Czekam na nie do jutra!<\/p>\n","protected":false},"excerpt":{"rendered":"<p>W tym tygodniu nagrod\u0105 w quizie jest ta sama kruszarka do zi\u00f3\u0142, kt\u00f3rej nikt nie wygra\u0142 poprzednim razem. Mam nadziej\u0119, \u017ce dzi\u015b pytania nie sprawi\u0105 tyle k\u0142opot\u00f3w i znajdzie si\u0119 blogowicz, kt\u00f3ry rozwi\u0105\u017ce wszystkie trzy zagadki bezb\u0142\u0119dnie. Chcia\u0142bym, by kuchenny przyrz\u0105d projektu m\u0142odego s\u0142ynnego brytyjskiego kucharza Jaimiego Olivera, trafi\u0142 wreszcie w dobre r\u0119ce i by\u0142 [&hellip;]<\/p>\n","protected":false},"author":2,"featured_media":0,"comment_status":"open","ping_status":"open","sticky":false,"template":"","format":"standard","meta":{"footnotes":""},"categories":[1],"tags":[],"_links":{"self":[{"href":"https:\/\/blog.polityka.pl\/adamczewski\/wp-json\/wp\/v2\/posts\/122"}],"collection":[{"href":"https:\/\/blog.polityka.pl\/adamczewski\/wp-json\/wp\/v2\/posts"}],"about":[{"href":"https:\/\/blog.polityka.pl\/adamczewski\/wp-json\/wp\/v2\/types\/post"}],"author":[{"embeddable":true,"href":"https:\/\/blog.polityka.pl\/adamczewski\/wp-json\/wp\/v2\/users\/2"}],"replies":[{"embeddable":true,"href":"https:\/\/blog.polityka.pl\/adamczewski\/wp-json\/wp\/v2\/comments?post=122"}],"version-history":[{"count":0,"href":"https:\/\/blog.polityka.pl\/adamczewski\/wp-json\/wp\/v2\/posts\/122\/revisions"}],"wp:attachment":[{"href":"https:\/\/blog.polityka.pl\/adamczewski\/wp-json\/wp\/v2\/media?parent=122"}],"wp:term":[{"taxonomy":"category","embeddable":true,"href":"https:\/\/blog.polityka.pl\/adamczewski\/wp-json\/wp\/v2\/categories?post=122"},{"taxonomy":"post_tag","embeddable":true,"href":"https:\/\/blog.polityka.pl\/adamczewski\/wp-json\/wp\/v2\/tags?post=122"}],"curies":[{"name":"wp","href":"https:\/\/api.w.org\/{rel}","templated":true}]}}