
{"id":12200,"date":"2014-04-23T07:00:05","date_gmt":"2014-04-23T05:00:05","guid":{"rendered":"http:\/\/adamczewski.blog.polityka.pl\/?p=12200"},"modified":"2014-04-24T13:00:19","modified_gmt":"2014-04-24T11:00:19","slug":"piekne-zdjecia-brzydkie-tresci","status":"publish","type":"post","link":"https:\/\/blog.polityka.pl\/adamczewski\/2014\/04\/23\/piekne-zdjecia-brzydkie-tresci\/","title":{"rendered":"Pi\u0119kne zdj\u0119cia, brzydkie tre\u015bci"},"content":{"rendered":"<p>Poprzednie ksi\u0105\u017cki, kt\u00f3rych wsp\u00f3\u0142autorem by\u0142 Maciej Szaci\u0142\u0142o, recenzowa\u0142em i poleca\u0142em tu z zachwytem. &#8222;Przemytnicy marchewki, groszku i soczewicy&#8221; czy &#8222;Fajna babka, ale ciacho&#8221; mia\u0142y wiele zalet. A jedn\u0105 z najwa\u017cniejszych by\u0142y w\u0142a\u015bnie fotografie zrobione przez Macieja. Wsp\u00f3\u0142autork\u0105 ca\u0142o\u015bci by\u0142a w\u00f3wczas\u00a0Monika Mrozowska &#8211; \u017cona fotografa i dietetyka zarazem. Wiele przepis\u00f3w chcia\u0142o si\u0119 natychmiast gotowa\u0107. I warto by\u0142o.<!--more--><\/p>\n<p>Kolejna ksi\u0105\u017cka &#8211; &#8222;Karolina na detoksie&#8221; &#8211; sugeruje, \u017ce autor ma ju\u017c now\u0105 partnerk\u0119 i nowe zainteresowania. Ksi\u0105\u017cka opowiada bowiem o tym, jak oczy\u015bci\u0107 w\u0142asny organizm, schudn\u0105\u0107 i utrzyma\u0107 t\u0119 nisk\u0105 wag\u0119, a tak\u017ce o tym, jak \u017cy\u0107 na wega\u0144skiej diecie.<br \/>\n<a href=\"\/wp-content\/uploads\/2014\/04\/Karolina_detoks_blg.jpg\"><img loading=\"lazy\" decoding=\"async\" class=\"alignleft size-medium wp-image-12202\" title=\"Karolina_detoks_blg\" src=\"\/wp-content\/uploads\/2014\/04\/Karolina_detoks_blg-206x300.jpg\" alt=\"\" width=\"206\" height=\"300\" \/><\/a><br \/>\nNie widz\u0119 niczego zdro\u017cnego w propagowaniu tzw. zdrowego \u017cywienia, cho\u0107 mnie bardziej interesuje \u017cywno\u015b\u0107 smakowita. Wszelka przesada jednak &#8211; moim zdaniem &#8211; jest odstr\u0119czaj\u0105ca. Opisy Karoliny, jak chud\u0142a (od 80 do 40 kg), a potem zn\u00f3w ty\u0142a i wpada\u0142a w depresj\u0119 &#8211; nie s\u0105 interesuj\u0105cymi relacjami. I wcale nie zach\u0119caj\u0105 do na\u015bladownictwa.<\/p>\n<p>Zdecydowanie za\u015b odepchn\u0119\u0142o mnie od doko\u0144czenia lektury nast\u0119puj\u0105ce zdanie: &#8222;Diet\u0119 wzbogacamy o olej z lnianki, olej kokosowy i oliw\u0119. Je\u017celi w tym czasie wyst\u0105pi\u0105 b\u00f3le g\u0142owy, os\u0142abienie czy wymioty, warto wesprze\u0107 oczyszczanie lewatyw\u0105&#8221;.<\/p>\n<p>Wszystkich lubi\u0105cych diety ekstremalne pozostawiam bez dalszych cytat\u00f3w. Musz\u0105 sami si\u0119gn\u0105\u0107 po t\u0119 ksi\u0105\u017ck\u0119. Mi\u0142o\u015bnik\u00f3w za\u015b kuchni smacznej (a tak\u017ce przeciwnik\u00f3w objadania si\u0119 i tycia) zach\u0119cam do innych ksi\u0105\u017cek.<\/p>\n<p>Tak\u017ce czytanie winno by\u0107 czynno\u015bci\u0105 sprawiaj\u0105c\u0105 przyjemno\u015b\u0107.<\/p>\n","protected":false},"excerpt":{"rendered":"<p>Poprzednie ksi\u0105\u017cki, kt\u00f3rych wsp\u00f3\u0142autorem by\u0142 Maciej Szaci\u0142\u0142o, recenzowa\u0142em i poleca\u0142em tu z zachwytem. &#8222;Przemytnicy marchewki, groszku i soczewicy&#8221; czy &#8222;Fajna babka, ale ciacho&#8221; mia\u0142y wiele zalet. A jedn\u0105 z najwa\u017cniejszych by\u0142y w\u0142a\u015bnie fotografie zrobione przez Macieja. Wsp\u00f3\u0142autork\u0105 ca\u0142o\u015bci by\u0142a w\u00f3wczas\u00a0Monika Mrozowska &#8211; \u017cona fotografa i dietetyka zarazem. Wiele przepis\u00f3w chcia\u0142o si\u0119 natychmiast gotowa\u0107. I warto [&hellip;]<\/p>\n","protected":false},"author":2,"featured_media":0,"comment_status":"open","ping_status":"closed","sticky":false,"template":"","format":"standard","meta":{"footnotes":""},"categories":[1],"tags":[],"_links":{"self":[{"href":"https:\/\/blog.polityka.pl\/adamczewski\/wp-json\/wp\/v2\/posts\/12200"}],"collection":[{"href":"https:\/\/blog.polityka.pl\/adamczewski\/wp-json\/wp\/v2\/posts"}],"about":[{"href":"https:\/\/blog.polityka.pl\/adamczewski\/wp-json\/wp\/v2\/types\/post"}],"author":[{"embeddable":true,"href":"https:\/\/blog.polityka.pl\/adamczewski\/wp-json\/wp\/v2\/users\/2"}],"replies":[{"embeddable":true,"href":"https:\/\/blog.polityka.pl\/adamczewski\/wp-json\/wp\/v2\/comments?post=12200"}],"version-history":[{"count":8,"href":"https:\/\/blog.polityka.pl\/adamczewski\/wp-json\/wp\/v2\/posts\/12200\/revisions"}],"predecessor-version":[{"id":12244,"href":"https:\/\/blog.polityka.pl\/adamczewski\/wp-json\/wp\/v2\/posts\/12200\/revisions\/12244"}],"wp:attachment":[{"href":"https:\/\/blog.polityka.pl\/adamczewski\/wp-json\/wp\/v2\/media?parent=12200"}],"wp:term":[{"taxonomy":"category","embeddable":true,"href":"https:\/\/blog.polityka.pl\/adamczewski\/wp-json\/wp\/v2\/categories?post=12200"},{"taxonomy":"post_tag","embeddable":true,"href":"https:\/\/blog.polityka.pl\/adamczewski\/wp-json\/wp\/v2\/tags?post=12200"}],"curies":[{"name":"wp","href":"https:\/\/api.w.org\/{rel}","templated":true}]}}