
{"id":12270,"date":"2014-05-02T07:00:02","date_gmt":"2014-05-02T05:00:02","guid":{"rendered":"http:\/\/adamczewski.blog.polityka.pl\/?p=12270"},"modified":"2014-05-02T12:45:21","modified_gmt":"2014-05-02T10:45:21","slug":"przezorny-zawsze-ubezpieczony","status":"publish","type":"post","link":"https:\/\/blog.polityka.pl\/adamczewski\/2014\/05\/02\/przezorny-zawsze-ubezpieczony\/","title":{"rendered":"Przezorny zawsze ubezpieczony"},"content":{"rendered":"<p>To has\u0142o b\u0119dzie bardzo wa\u017cne przez najbli\u017csze kilka dni. Cz\u0119\u015b\u0107 z nas bowiem sp\u0119dzi je w swoich letnich domach, a w\u00f3wczas nale\u017cy liczy\u0107 si\u0119 z niespodziewanymi wizytami s\u0105siad\u00f3w. Chyba \u017ce uda si\u0119 ich wyprzedzi\u0107 i odwiedzi\u0107 przyjaci\u00f3\u0142 wcze\u015bniej. Ten niezwykle d\u0142ugachny weekend majowy liczy jednak tyle dni, \u017ce zd\u0105\u017c\u0105 tak\u017ce i s\u0105siedzi wpa\u015b\u0107 z rewizyt\u0105.<br \/>\n<!--more--><br \/>\nPami\u0119tajmy wi\u0119c, aby w lod\u00f3wce mie\u0107 zawsze produkty o d\u0142ugim okresie przechowywania, z kt\u00f3rych w nag\u0142ej potrzebie przygotujemy drobne dania. Do takich produkt\u00f3w nale\u017c\u0105: puszka tu\u0144czyka, kukurydzy, s\u0142oiczek suszonych pomidor\u00f3w, dobre prawdziwe par\u00f3wki, obsuszane kie\u0142basy, kabanosy, szynka dojrzewaj\u0105ca oraz r\u00f3\u017cnorakie sery.<br \/>\n<a href=\"\/wp-content\/uploads\/2014\/04\/Deska-sera.jpg\"><img loading=\"lazy\" decoding=\"async\" src=\"\/wp-content\/uploads\/2014\/04\/Deska-sera.jpg\" alt=\"\" title=\"OLYMPUS DIGITAL CAMERA\" width=\"640\" height=\"480\" class=\"aligncenter size-full wp-image-12273\" \/><\/a><br \/>\nNajbardziej atrakcyjne ze wzgl\u0119du na walory smakowe i estetyczne s\u0105 sery ple\u015bniowe, np. polski lazur oraz camembert, brie, w\u0119dzona gouda. R\u00f3wnie dobrze sprawdzi si\u0119 mozzarella, pokrojona na przemian z plastrami pomidor\u00f3w, polana oliw\u0105 z oliwek i przybrana kilkoma listkami bazylii. <\/p>\n<p>Z takich sk\u0142adnik\u00f3w mo\u017cna te\u017c z dodatkiem ugotowanych pokrojonych w \u00f3semki jajek oraz ugotowanego al dente makaronu, papryki lub og\u00f3rka wyczarowa\u0107 apetyczn\u0105 sa\u0142atk\u0119. Jeszcze innym rozwi\u0105zaniem jest deska ser\u00f3w lub w\u0119dlin, udekorowana warzywami, kt\u00f3re mamy w domu, lub zio\u0142ami z doniczki lub zielnika. W zamra\u017carce zawsze warto mie\u0107 paczk\u0119 ciasta francuskiego, mro\u017cone broku\u0142y lub mieszank\u0119 warzyw. <\/p>\n<p>Mi\u0119so\u017cercom podpowiadam, \u017ce warto te\u017c kupi\u0107 przygotowane do sma\u017cenia kotleciki baranie w otoczce t\u0142uszczu lub steki z pol\u0119dwicy wo\u0142owej. Rozmro\u017cenie tych mi\u0119s to chwilka, a doprawienie i przyrz\u0105dzenie te\u017c zajmuje moment. W dodatku kupuj\u0105c, mo\u017cna wybiera\u0107 mi\u0119dzy mi\u0119sem irlandzkim a polskim.<\/p>\n<p>A do gaszenia pragnienia prawdziwy cydr z polskich jab\u0142ek.<br \/>\n<a href=\"\/wp-content\/uploads\/2014\/04\/Cydr-z-polskich-jab\u0142ek.jpg\"><img loading=\"lazy\" decoding=\"async\" src=\"\/wp-content\/uploads\/2014\/04\/Cydr-z-polskich-jab\u0142ek.jpg\" alt=\"\" title=\"OLYMPUS DIGITAL CAMERA\" width=\"360\" height=\"480\" class=\"aligncenter size-full wp-image-12274\" \/><\/a><em>Fot. P. Adamczewski<\/em><\/p>\n","protected":false},"excerpt":{"rendered":"<p>To has\u0142o b\u0119dzie bardzo wa\u017cne przez najbli\u017csze kilka dni. Cz\u0119\u015b\u0107 z nas bowiem sp\u0119dzi je w swoich letnich domach, a w\u00f3wczas nale\u017cy liczy\u0107 si\u0119 z niespodziewanymi wizytami s\u0105siad\u00f3w. Chyba \u017ce uda si\u0119 ich wyprzedzi\u0107 i odwiedzi\u0107 przyjaci\u00f3\u0142 wcze\u015bniej. Ten niezwykle d\u0142ugachny weekend majowy liczy jednak tyle dni, \u017ce zd\u0105\u017c\u0105 tak\u017ce i s\u0105siedzi wpa\u015b\u0107 z rewizyt\u0105.<\/p>\n","protected":false},"author":2,"featured_media":0,"comment_status":"open","ping_status":"closed","sticky":false,"template":"","format":"standard","meta":{"footnotes":""},"categories":[1],"tags":[],"_links":{"self":[{"href":"https:\/\/blog.polityka.pl\/adamczewski\/wp-json\/wp\/v2\/posts\/12270"}],"collection":[{"href":"https:\/\/blog.polityka.pl\/adamczewski\/wp-json\/wp\/v2\/posts"}],"about":[{"href":"https:\/\/blog.polityka.pl\/adamczewski\/wp-json\/wp\/v2\/types\/post"}],"author":[{"embeddable":true,"href":"https:\/\/blog.polityka.pl\/adamczewski\/wp-json\/wp\/v2\/users\/2"}],"replies":[{"embeddable":true,"href":"https:\/\/blog.polityka.pl\/adamczewski\/wp-json\/wp\/v2\/comments?post=12270"}],"version-history":[{"count":8,"href":"https:\/\/blog.polityka.pl\/adamczewski\/wp-json\/wp\/v2\/posts\/12270\/revisions"}],"predecessor-version":[{"id":12272,"href":"https:\/\/blog.polityka.pl\/adamczewski\/wp-json\/wp\/v2\/posts\/12270\/revisions\/12272"}],"wp:attachment":[{"href":"https:\/\/blog.polityka.pl\/adamczewski\/wp-json\/wp\/v2\/media?parent=12270"}],"wp:term":[{"taxonomy":"category","embeddable":true,"href":"https:\/\/blog.polityka.pl\/adamczewski\/wp-json\/wp\/v2\/categories?post=12270"},{"taxonomy":"post_tag","embeddable":true,"href":"https:\/\/blog.polityka.pl\/adamczewski\/wp-json\/wp\/v2\/tags?post=12270"}],"curies":[{"name":"wp","href":"https:\/\/api.w.org\/{rel}","templated":true}]}}