
{"id":1229,"date":"2009-09-21T08:00:30","date_gmt":"2009-09-21T06:00:30","guid":{"rendered":"http:\/\/adamczewski.blog.polityka.pl\/?p=1229"},"modified":"2009-09-19T15:27:59","modified_gmt":"2009-09-19T13:27:59","slug":"piekna-i-nasza","status":"publish","type":"post","link":"https:\/\/blog.polityka.pl\/adamczewski\/2009\/09\/21\/piekna-i-nasza\/","title":{"rendered":"Pi\u0119kna i nasza&#8230;"},"content":{"rendered":"<p>Tak fajnie zrelacjonowa\u0142 sw\u00f3j pobyt na Roztoczu Antek, \u017ce a\u017c wezbra\u0142a we mnie zazdro\u015b\u0107. Te\u017c przecie\u017c znam ten region, bywa\u0142em tam wielokrotnie, a nigdy go tu nie prezentowa\u0142em.<\/p>\n<p>Konkurowa\u0107 z Antkiem nie b\u0119d\u0119, bo jego targowe zdj\u0119cia s\u0105 wspania\u0142e. Ale mog\u0119 podpowiedzie\u0107 wszystkim\u00a0 inne wyprawy po naszym kraju, kt\u00f3ry przecie\u017c obfituje w urocze zak\u0105tki. I oczywi\u015bcie smakowite .<\/p>\n<p>W pomy\u015ble tym utwierdzi\u0142 mnie zabawny incydent. Szukaj\u0105c w Merlinie (ksi\u0119garnia internetowa) jakiej\u015b ksi\u0105\u017cki zajrza\u0142em do w\u0142asnego k\u0105cika. I tam ze zdumieniem przeczyta\u0142em to: &#8222;Polska na urlop i weekend to ponad sto pomys\u0142\u00f3w na piesze, rowerowe i samochodowe wycieczki po Polsce i bliskiej zagranicy, kt\u00f3re pozwol\u0105 nam pozna\u0107 kilkaset najciekawszych miejsc wartych obejrzenia i bli\u017cszego poznania. Trasy zaproponowane przez redaktor\u00f3w &#8222;Polityki&#8221; i PPWK powinny zainteresowa\u0107 mi\u0142o\u015bnik\u00f3w historii, architektury, starej techniki, osoby spragnione kontaktu z nieska\u017con\u0105 natur\u0105 oraz smakoszy, kt\u00f3rym Piotr Adamczewski, nasz publicysta kulinarny, w ka\u017cdym regionie Polski stara si\u0119 wskaza\u0107 najlepsze restauracje.&#8221;<\/p>\n<p>W ten spos\u00f3b dowiedzia\u0142em si\u0119, \u017ce jestem wsp\u00f3\u0142autorem nowej ksi\u0105\u017cki-przewodnika. Za\u017c\u0105da\u0142em wi\u0119c egzemplarza autorskiego i oto on:<\/p>\n<p><a href=\"\/wp-content\/uploads\/2009\/09\/przewodnik_okladka_copy-400kb.jpg\"><img loading=\"lazy\" decoding=\"async\" class=\"aligncenter size-full wp-image-1230\" title=\"przewodnik_okladka_copy-400kb\" src=\"\/wp-content\/uploads\/2009\/09\/przewodnik_okladka_copy-400kb.jpg\" alt=\"\" width=\"350\" height=\"480\" srcset=\"\/adamczewski\/wp-content\/uploads\/2009\/09\/przewodnik_okladka_copy-400kb.jpg 350w, \/adamczewski\/wp-content\/uploads\/2009\/09\/przewodnik_okladka_copy-400kb-218x300.jpg 218w\" sizes=\"(max-width: 350px) 100vw, 350px\" \/><\/a><br \/>\nNa t\u0119 publikacj\u0119 sk\u0142adaj\u0105 si\u0119 wydawane przez &#8222;Polityk\u0119&#8221; mini-przewodniki w kt\u00f3rych opracowywa\u0142em strony kulinarne. Zcalone tworz\u0105 chyba now\u0105 warto\u015b\u0107. Postanowi\u0142em wi\u0119c zaproponowa\u0107 ksi\u0105\u017ck\u0119 jako nagrod\u0119 w kilku naszych quizach. Przyda si\u0119 jeszcze na jesienne wycieczki no i oczywi\u015bcie na rok przysz\u0142y. Tymczasem kilka s\u0142\u00f3w o samym wydawnictwie.<\/p>\n<p>Nie ma chyba rodaka, kt\u00f3ry by nie s\u0142ysza\u0142 o zamku na Wawelu i w Malborku. Ka\u017cdego roku tysi\u0105ce os\u00f3b odwiedza kopalni\u0119 soli w Wieliczce, sanktuarium maryjne na Jasnej G\u00f3rze czy ogl\u0105da \u017cubry w Puszczy Bia\u0142owieskiej. Miejsca te to kanon turystycznej Polski i nie potrzebuj\u0105 one reklamy. Ale mamy te\u017c setki innych atrakcji turystycznych, mniej znanych b\u0105d\u017a dopiero niedawno udost\u0119pnionych do zwiedzania (jak cho\u0107by twierdze i forty opuszczane przez wojsko). S\u0105 te\u017c atrakcje nowe, kt\u00f3re rodz\u0105 si\u0119 na naszych oczach, np. najwi\u0119ksze w kraju wrzosowiska wyros\u0142e na dawnym poradzieckim poligonie w Bornym Sulinowie czy muzea techniki otwierane w czynnych do dzi\u015b zak\u0142adach, np. w fabryce zapa\u0142ek w Cz\u0119stochowie i w tyskim browarze.<\/p>\n<p>Proponujemy trasy piesze, rowerowe, kajakowe i samochodowe, jedno- i dwudniowe, po kt\u00f3rych w\u0119drowa\u0107 mo\u017cna samodzielnie, z rodzin\u0105 czy z grup\u0105 przyjaci\u00f3\u0142 i w zasadzie o ka\u017cdej porze roku. Ka\u017cda z naszych ponad stu propozycji zawiera szczeg\u00f3\u0142ow\u0105 mapk\u0119 trasy. Poza paroma szlakami tematycznymi (np. \u015bladami komunizmu w Warszawie czy starej techniki w woj. \u015bl\u0105skim) zazwyczaj s\u0105 to szlaki \u0142\u0105cz\u0105ce r\u00f3\u017cne turystyczne obiekty: zamki, pa\u0142ace, twierdze, najciekawsze muzea, parki narodowe i rezerwaty przyrody, zabytki techniki, sanktuaria r\u00f3\u017cnych wyzna\u0144, skanseny, miejsca zwi\u0105zane z wielkimi postaciami polskiej historii i kultury. Kilka z proponowanych tras przekracza polsk\u0105 granic\u0119 i prowadzi do najbli\u017cej po\u0142o\u017conych atrakcji turystycznych w Niemczech, na Litwie, S\u0142owacji i w Czechach.<\/p>\n<p>W naszym przewodniku niekt\u00f3re z obiekt\u00f3w otrzyma\u0142y specjaln\u0105 rekomendacj\u0119 &#8222;Polityki&#8221;, a o wszystkich, poza ich opisem, starali\u015bmy si\u0119 poda\u0107 mo\u017cliwie du\u017co informacji praktycznych (adresy, numery telefon\u00f3w, godziny otwarcia, ceny bilet\u00f3w wst\u0119pu itp.). Osobom szczeg\u00f3lnie zainteresowanym podpowiadamy tak\u017ce lektur\u0119 wskazanych ksi\u0105\u017cek lub artyku\u0142\u00f3w.<\/p>\n<p>Sami przyznacie, \u017ce warto mie\u0107 t\u0119 ksi\u0105\u017ceczk\u0119 na p\u00f3\u0142ce.<\/p>\n<p>\u00a0<\/p>\n","protected":false},"excerpt":{"rendered":"<p>Tak fajnie zrelacjonowa\u0142 sw\u00f3j pobyt na Roztoczu Antek, \u017ce a\u017c wezbra\u0142a we mnie zazdro\u015b\u0107. Te\u017c przecie\u017c znam ten region, bywa\u0142em tam wielokrotnie, a nigdy go tu nie prezentowa\u0142em. Konkurowa\u0107 z Antkiem nie b\u0119d\u0119, bo jego targowe zdj\u0119cia s\u0105 wspania\u0142e. Ale mog\u0119 podpowiedzie\u0107 wszystkim\u00a0 inne wyprawy po naszym kraju, kt\u00f3ry przecie\u017c obfituje w urocze zak\u0105tki. I [&hellip;]<\/p>\n","protected":false},"author":2,"featured_media":0,"comment_status":"open","ping_status":"open","sticky":false,"template":"","format":"standard","meta":{"footnotes":""},"categories":[1],"tags":[],"_links":{"self":[{"href":"https:\/\/blog.polityka.pl\/adamczewski\/wp-json\/wp\/v2\/posts\/1229"}],"collection":[{"href":"https:\/\/blog.polityka.pl\/adamczewski\/wp-json\/wp\/v2\/posts"}],"about":[{"href":"https:\/\/blog.polityka.pl\/adamczewski\/wp-json\/wp\/v2\/types\/post"}],"author":[{"embeddable":true,"href":"https:\/\/blog.polityka.pl\/adamczewski\/wp-json\/wp\/v2\/users\/2"}],"replies":[{"embeddable":true,"href":"https:\/\/blog.polityka.pl\/adamczewski\/wp-json\/wp\/v2\/comments?post=1229"}],"version-history":[{"count":0,"href":"https:\/\/blog.polityka.pl\/adamczewski\/wp-json\/wp\/v2\/posts\/1229\/revisions"}],"wp:attachment":[{"href":"https:\/\/blog.polityka.pl\/adamczewski\/wp-json\/wp\/v2\/media?parent=1229"}],"wp:term":[{"taxonomy":"category","embeddable":true,"href":"https:\/\/blog.polityka.pl\/adamczewski\/wp-json\/wp\/v2\/categories?post=1229"},{"taxonomy":"post_tag","embeddable":true,"href":"https:\/\/blog.polityka.pl\/adamczewski\/wp-json\/wp\/v2\/tags?post=1229"}],"curies":[{"name":"wp","href":"https:\/\/api.w.org\/{rel}","templated":true}]}}