
{"id":1231,"date":"2009-09-30T08:00:00","date_gmt":"2009-09-30T06:00:00","guid":{"rendered":"http:\/\/adamczewski.blog.polityka.pl\/?p=1231"},"modified":"2009-09-19T15:35:23","modified_gmt":"2009-09-19T13:35:23","slug":"zgadnij-co-gotujemy-5-b","status":"publish","type":"post","link":"https:\/\/blog.polityka.pl\/adamczewski\/2009\/09\/30\/zgadnij-co-gotujemy-5-b\/","title":{"rendered":"Zgadnij co gotujemy? (5 B)"},"content":{"rendered":"<p>Tak daleko na p\u00f3\u0142noc jeszcze nie je\u017adzili\u015bmy. Dzi\u015b wybieramy si\u0119 bowiem na Islandi\u0119. To znaczy, \u017ce nagrod\u0105 w quizie b\u0119dzie ksi\u0105\u017cka o tej wyspie. To praca zbiorowa pod redakcj\u0105 Romana Chymkowskiego i W\u0142odzimierza Karola Pessela zatytu\u0142owana &#8222;Islandia. Kraina,ludzie,dzieje,kultura,sztuka,j\u0119zyk&#8221;. Wydana wes\u00f3\u0142 przez Collegium Civitas i Wydawnictwo Trio. Warto mie\u0107 t\u0119 ksi\u0105\u017ck\u0119 w swojej biblioteczce. Zw\u0142aszcza gdy chce si\u0119 czego\u015b dowiedzie\u0107 o kraju przed podr\u00f3\u017c\u0105.<\/p>\n<p>No to do roboty:<\/p>\n<p>1\u00a0&#8211; Przysmakiem Islandczyk\u00f3w jest hakarl\u00a0&#8211; co to takiego?<\/p>\n<p>2\u00a0&#8211; R\u00f3wnie smakowitym daniem jest svid czyli&#8230;?<\/p>\n<p>3\u00a0&#8211; Hrutsprungar jest wyj\u0105tkowym delikatesem\u00a0&#8211; a to&#8230;?<\/p>\n<p>I teraz p\u0119dem do komputera. Oto adres: <a href=\"mailto:internet@polityka.com.pl\">internet@polityka.com.pl<\/a><br \/>\nKto pierwszy przy\u015ble prawid\u0142owo przet\u0142umaczone wyspiarskie menu ten otrzyma zapowiadana nagrod\u0119.<\/p>\n<p>\u00a0<\/p>\n","protected":false},"excerpt":{"rendered":"<p>Tak daleko na p\u00f3\u0142noc jeszcze nie je\u017adzili\u015bmy. Dzi\u015b wybieramy si\u0119 bowiem na Islandi\u0119. To znaczy, \u017ce nagrod\u0105 w quizie b\u0119dzie ksi\u0105\u017cka o tej wyspie. To praca zbiorowa pod redakcj\u0105 Romana Chymkowskiego i W\u0142odzimierza Karola Pessela zatytu\u0142owana &#8222;Islandia. Kraina,ludzie,dzieje,kultura,sztuka,j\u0119zyk&#8221;. Wydana wes\u00f3\u0142 przez Collegium Civitas i Wydawnictwo Trio. Warto mie\u0107 t\u0119 ksi\u0105\u017ck\u0119 w swojej biblioteczce. Zw\u0142aszcza gdy [&hellip;]<\/p>\n","protected":false},"author":2,"featured_media":0,"comment_status":"open","ping_status":"open","sticky":false,"template":"","format":"standard","meta":{"footnotes":""},"categories":[1],"tags":[],"_links":{"self":[{"href":"https:\/\/blog.polityka.pl\/adamczewski\/wp-json\/wp\/v2\/posts\/1231"}],"collection":[{"href":"https:\/\/blog.polityka.pl\/adamczewski\/wp-json\/wp\/v2\/posts"}],"about":[{"href":"https:\/\/blog.polityka.pl\/adamczewski\/wp-json\/wp\/v2\/types\/post"}],"author":[{"embeddable":true,"href":"https:\/\/blog.polityka.pl\/adamczewski\/wp-json\/wp\/v2\/users\/2"}],"replies":[{"embeddable":true,"href":"https:\/\/blog.polityka.pl\/adamczewski\/wp-json\/wp\/v2\/comments?post=1231"}],"version-history":[{"count":0,"href":"https:\/\/blog.polityka.pl\/adamczewski\/wp-json\/wp\/v2\/posts\/1231\/revisions"}],"wp:attachment":[{"href":"https:\/\/blog.polityka.pl\/adamczewski\/wp-json\/wp\/v2\/media?parent=1231"}],"wp:term":[{"taxonomy":"category","embeddable":true,"href":"https:\/\/blog.polityka.pl\/adamczewski\/wp-json\/wp\/v2\/categories?post=1231"},{"taxonomy":"post_tag","embeddable":true,"href":"https:\/\/blog.polityka.pl\/adamczewski\/wp-json\/wp\/v2\/tags?post=1231"}],"curies":[{"name":"wp","href":"https:\/\/api.w.org\/{rel}","templated":true}]}}