
{"id":1232,"date":"2009-09-23T08:00:28","date_gmt":"2009-09-23T06:00:28","guid":{"rendered":"http:\/\/adamczewski.blog.polityka.pl\/?p=1232"},"modified":"2009-09-23T08:19:17","modified_gmt":"2009-09-23T06:19:17","slug":"zgadnij-co-gotujemy-4-b","status":"publish","type":"post","link":"https:\/\/blog.polityka.pl\/adamczewski\/2009\/09\/23\/zgadnij-co-gotujemy-4-b\/","title":{"rendered":"Zgadnij co gotujemy? (4 B)"},"content":{"rendered":"<p>Obieca\u0142em wi\u0119c s\u0142owa dotrzymuj\u0119. Dzi\u015b quiz, w kt\u00f3rym nagrod\u0105 jest ksi\u0105\u017cka-przewodnik po Polsce wydana przez &#8222;Polityk\u0119&#8221;. Na 304 stronach znajdziecie propozycje 106 tras pe\u0142nych atrakcji. I oczywi\u015bcie informacje gdzie mo\u017cna dobrze posili\u0107 si\u0119. No to do roboty!<\/p>\n<p>1\u00a0&#8211; Czy w naszym kraju mo\u017cna zje\u015b\u0107 kotlet z \u017cubra i je\u015bli tak to gdzie?<\/p>\n<p>2\u00a0&#8211; Po zwiedzeniu pi\u0119knego muzeum mo\u017cna zje\u015b\u0107 wspania\u0142y obiad w &#8222;Dw\u00f3ch pokojach z kuchni\u0105&#8221;\u00a0&#8211; gdzie to jest?<\/p>\n<p>3\u00a0&#8211; Restauracja &#8222;Kubicki&#8221; istnieje ju\u017c 90 lat\u00a0&#8211; a gdzie si\u0119 znajduje?<\/p>\n<p>Teraz do komputera a ja czekam na listy skierowane na adres: <a href=\"mailto:internet@polityka.com.pl\">internet@polityka.com.pl<\/a>\u00a0\u00a0 Listonosz ju\u017c p\u0119dzi po odbi\u00f3r paczki.<\/p>\n<p>\u00a0<\/p>\n","protected":false},"excerpt":{"rendered":"<p>Obieca\u0142em wi\u0119c s\u0142owa dotrzymuj\u0119. Dzi\u015b quiz, w kt\u00f3rym nagrod\u0105 jest ksi\u0105\u017cka-przewodnik po Polsce wydana przez &#8222;Polityk\u0119&#8221;. Na 304 stronach znajdziecie propozycje 106 tras pe\u0142nych atrakcji. I oczywi\u015bcie informacje gdzie mo\u017cna dobrze posili\u0107 si\u0119. No to do roboty! 1\u00a0&#8211; Czy w naszym kraju mo\u017cna zje\u015b\u0107 kotlet z \u017cubra i je\u015bli tak to gdzie? 2\u00a0&#8211; Po zwiedzeniu [&hellip;]<\/p>\n","protected":false},"author":2,"featured_media":0,"comment_status":"open","ping_status":"open","sticky":false,"template":"","format":"standard","meta":{"footnotes":""},"categories":[1],"tags":[],"_links":{"self":[{"href":"https:\/\/blog.polityka.pl\/adamczewski\/wp-json\/wp\/v2\/posts\/1232"}],"collection":[{"href":"https:\/\/blog.polityka.pl\/adamczewski\/wp-json\/wp\/v2\/posts"}],"about":[{"href":"https:\/\/blog.polityka.pl\/adamczewski\/wp-json\/wp\/v2\/types\/post"}],"author":[{"embeddable":true,"href":"https:\/\/blog.polityka.pl\/adamczewski\/wp-json\/wp\/v2\/users\/2"}],"replies":[{"embeddable":true,"href":"https:\/\/blog.polityka.pl\/adamczewski\/wp-json\/wp\/v2\/comments?post=1232"}],"version-history":[{"count":0,"href":"https:\/\/blog.polityka.pl\/adamczewski\/wp-json\/wp\/v2\/posts\/1232\/revisions"}],"wp:attachment":[{"href":"https:\/\/blog.polityka.pl\/adamczewski\/wp-json\/wp\/v2\/media?parent=1232"}],"wp:term":[{"taxonomy":"category","embeddable":true,"href":"https:\/\/blog.polityka.pl\/adamczewski\/wp-json\/wp\/v2\/categories?post=1232"},{"taxonomy":"post_tag","embeddable":true,"href":"https:\/\/blog.polityka.pl\/adamczewski\/wp-json\/wp\/v2\/tags?post=1232"}],"curies":[{"name":"wp","href":"https:\/\/api.w.org\/{rel}","templated":true}]}}