
{"id":1234,"date":"2009-10-13T08:00:34","date_gmt":"2009-10-13T06:00:34","guid":{"rendered":"http:\/\/adamczewski.blog.polityka.pl\/?p=1234"},"modified":"2009-10-13T08:11:41","modified_gmt":"2009-10-13T06:11:41","slug":"noc-wina-smakolykow-ipieniedzy","status":"publish","type":"post","link":"https:\/\/blog.polityka.pl\/adamczewski\/2009\/10\/13\/noc-wina-smakolykow-ipieniedzy\/","title":{"rendered":"Noc wina, smako\u0142yk\u00f3w i&#8230;pieni\u0119dzy"},"content":{"rendered":"<p>\u00a0<\/p>\n<p>Uczestniczy\u0142em wraz z Basi\u0105 w bankiecie na 900 os\u00f3b. By\u0142o to ciekawe prze\u017cycie ale wcale nie t\u0119skni\u0119 do powt\u00f3rki. Cho\u0107 przyzna\u0107 musz\u0119, \u017ce by\u0142o tam kilka moment\u00f3w dla mnie niezwykle sympatycznych. Np. gdy prowadz\u0105ca wiecz\u00f3r gwiazda TVN Magda Mo\u0142ek omawiaj\u0105c podawane w\u0142a\u015bnie desery zakomunikowa\u0142a wszystkim, i\u017c jest mi\u0142o\u015bniczk\u0105 deser\u00f3w i wszelkich s\u0142odyczy ale jeden jest szczeg\u00f3lnie lubiany.\u00a0&#8211; To ro\u017cki z kruchego ciasta z konfitur\u0105 z r\u00f3\u017cy\u00a0&#8211; zakomunikowa\u0142a Magda i doda\u0142a: &#8211; Robi\u0119 je do\u015b\u0107 cz\u0119sto a przepis dosta\u0142am od Piotra Adamczewskiego obecnego na naszym przyj\u0119ciu.<\/p>\n<p>Nieco wcze\u015bniej mocno mnie pochwali\u0142 i wywo\u0142a\u0142 do tablicy po nazwisku tak\u017ce Karol Okrasa prezentuj\u0105cy swoje umiej\u0119tno\u015bci publiczno\u015bci. Moja pr\u00f3\u017cno\u015b\u0107 by\u0142a wi\u0119c mile po\u0142echtana.<\/p>\n<p>A mimo to&#8230; Ale najpierw kilka s\u0142\u00f3w o samej imprezie. Wyczyta\u0142em w zaproszeniu co nast\u0119puje:<\/p>\n<p>&#8222;WINE &amp; FOOD NOBLE NIGHT to niezwyk\u0142a kulinarna podr\u00f3\u017c urozmaicona doborowym towarzystwem najznakomitszych win. W drugiej ju\u017c ods\u0142onie tego presti\u017cowego widowiska swoje specialite de la maison zaprezentuje 12 starannie wyselekcjonowanych restauracji. Ca\u0142o\u015b\u0107 u\u015bwietni pojedynek znanych i cenionych mistrz\u00f3w kuchni. Specjalnie dla koneser\u00f3w przygotowali\u015bmy k\u0105cik sommelierski, bary z wy\u015bmienitymi alkoholami oraz bar whisky single malt. Przez ca\u0142y wiecz\u00f3r Go\u015bciom towarzyszy\u0107 b\u0119dzie muzyka zespo\u0142u a II Jazz, utrzymana w stylistyce smooth jazz.<\/p>\n<p>PODCZAS WINE &amp; FOOD NOBLE NIGHT SZEFOWIE KUCHNI DWUNASTU ELEGANCKICH RESTAURACJI ZMIERZ\u0104 SI\u0118 ZE SOB\u0104, PRZYGOTOWUJ\u0104C NA OCZACH PUBLICZNO\u015aCI SPECJA\u0141Y W TRZECH KATEGORIACH: PRZYSTAWKA, DANIE G\u0141\u00d3WNE, DESER &#8211; W SUMIE PRAWIE 10 000 PORCJI. Zaserwowane potrawy zostan\u0105 ocenione przez wszystkich zgromadzonych Go\u015bci, tworz\u0105cych jury najwi\u0119kszego konkursu kulinarnego w Polsce. O dobre samopoczucie i podniebienia zadbaj\u0105 m.in.: GAR, Copernicus z grupy hoteli Likus, Lemongrass, Mandarin, Papaya, Restauracja Romantyczna Hotelu SPA dr Irena Eris, Sandacz, V4 z hotelu Velaves, Willa Decjusza, Restauracja Zdrojowa. Starannie dobrane restauracje stanowi\u0105 przekr\u00f3j smak\u00f3w z r\u00f3\u017cnych stron \u015bwiata, kt\u00f3re z pewno\u015bci\u0105 zadowol\u0105 nawet najbardziej wyrafinowane gusta. Reprezentuj\u0105cy je Szefowie Kuchni to mistrzowie kulinarni i z d\u0142ugoletni\u0105 praktyk\u0105, ciesz\u0105cy si\u0119 uznaniem w\u015br\u00f3d prawdziwych znawc\u00f3w dobrego smaku. Do\u0142\u0105cz\u0105 do nich znane i lubiane osobowo\u015bci kulinarne: Karol Okrasa, Pascal Brodnicki i Joseph Seelesto. Ich spektakularne pojedynki i popisy na \u017cywo b\u0119d\u0105 darzeniem i gwarancj\u0105 wspania\u0142ej zabawy.&#8221;<\/p>\n<p>No i dlaczego ja marudz\u0119? Spotka\u0142em przecie\u017c sporo mi\u0142ych znajomych. Wypi\u0142em par\u0119 kieliszk\u00f3w dobrego chilijskiego wina (Santa Karolina Reserva Carmenere 07 D.O. Valle Rapel), zjad\u0142em&#8230;<\/p>\n<p>Ot\u00f3\u017c w\u0142a\u015bnie wcale nie zjad\u0142em. Pr\u00f3bowa\u0142em kilku da\u0144 ze znanych mi restauracji, kt\u00f3rych szefowie to prawdziwi mistrzowie. I \u017cadnego z nich nie zjad\u0142em do ko\u0144ca. Ka\u017cde bowiem by\u0142o ska\u017cone pi\u0119tnem fast foodu. Tak si\u0119 dzieje zawsze gdy kuchnia musi przygotowa\u0107 danie w liczbie 900 porcji. Nie g\u0142osowa\u0142em wi\u0119c w konkursie na najlepsz\u0105 restauracj\u0119, bo musia\u0142 bym opiera\u0107 si\u0119 na swoich do\u015bwiadczeniach z wizyt sprzed miesi\u0119cy lub tygodni. I to jest g\u0142\u00f3wna wada takich zgromadze\u0144. Ale przyzna\u0107 trzeba, \u017ce promocyjnie gospodarz czyli Noble Bank spisa\u0142 si\u0119 na medal. Szkoda tylko, \u017ce tyle pracy i jad\u0142a posz\u0142o na marne. Cho\u0107 prawd\u0119 m\u00f3wi\u0105c niemal wszyscy pozostali go\u015bcie zajadali z apetytem. I to nie robi\u0105c wi\u0119kszych przerw w konsumpcji. Ciekawe jak si\u0119 czuli nazajutrz?!<\/p>\n<p>Na koniec jeszcze par\u0119 krytycznych zda\u0144 cho\u0107 nie na temat przyj\u0119cia. Korzystaj\u0105c, \u017ce znalaz\u0142em si\u0119 w towarzystwie bankowc\u00f3w a mia\u0142em zamiar zmieni\u0107 bank na lepszy ni\u017c m\u00f3j dotychczasowy, postara\u0142em si\u0119 o kontakt z tzw. konsultantem Noble. Wiedz\u0105c, \u017ce bankiet nie jest dobrym miejscem do rozm\u00f3w finansowych da\u0142em przedstawionemu mi m\u0142odemu cz\u0142owiekowi wizyt\u00f3wk\u0119 i powiedzia\u0142em, \u017ce chcia\u0142bym swoje pieni\u0105dze ulokowa\u0107 w jego banku. I&#8230;na tym koniec. Min\u0119\u0142y d\u0142ugie tygodnie i nikt si\u0119 nie zg\u0142osi\u0142 by moje oszcz\u0119dno\u015bci wzi\u0105\u0107 i na nich zarabia\u0107 (tak\u017ce i ku mojemu zadowoleniu). Teraz wiem ju\u017c, \u017ce dobrze si\u0119 sta\u0142o.<\/p>\n<p>W dzisiejszym tek\u015bcie nie ma zdj\u0119\u0107. Fotoedytor &#8222;Polityki&#8221; odby\u0142 szerego rozm\u00f3w z pracownikami Noble Banku, kt\u00f3rzy obiecywali, obiecywali, obiecywali&#8230; i sko\u0144czy\u0142o si\u0119 na obiecankach. Brawo!<\/p>\n","protected":false},"excerpt":{"rendered":"<p>\u00a0 Uczestniczy\u0142em wraz z Basi\u0105 w bankiecie na 900 os\u00f3b. By\u0142o to ciekawe prze\u017cycie ale wcale nie t\u0119skni\u0119 do powt\u00f3rki. Cho\u0107 przyzna\u0107 musz\u0119, \u017ce by\u0142o tam kilka moment\u00f3w dla mnie niezwykle sympatycznych. Np. gdy prowadz\u0105ca wiecz\u00f3r gwiazda TVN Magda Mo\u0142ek omawiaj\u0105c podawane w\u0142a\u015bnie desery zakomunikowa\u0142a wszystkim, i\u017c jest mi\u0142o\u015bniczk\u0105 deser\u00f3w i wszelkich s\u0142odyczy ale jeden [&hellip;]<\/p>\n","protected":false},"author":2,"featured_media":0,"comment_status":"open","ping_status":"open","sticky":false,"template":"","format":"standard","meta":{"footnotes":""},"categories":[1],"tags":[],"_links":{"self":[{"href":"https:\/\/blog.polityka.pl\/adamczewski\/wp-json\/wp\/v2\/posts\/1234"}],"collection":[{"href":"https:\/\/blog.polityka.pl\/adamczewski\/wp-json\/wp\/v2\/posts"}],"about":[{"href":"https:\/\/blog.polityka.pl\/adamczewski\/wp-json\/wp\/v2\/types\/post"}],"author":[{"embeddable":true,"href":"https:\/\/blog.polityka.pl\/adamczewski\/wp-json\/wp\/v2\/users\/2"}],"replies":[{"embeddable":true,"href":"https:\/\/blog.polityka.pl\/adamczewski\/wp-json\/wp\/v2\/comments?post=1234"}],"version-history":[{"count":0,"href":"https:\/\/blog.polityka.pl\/adamczewski\/wp-json\/wp\/v2\/posts\/1234\/revisions"}],"wp:attachment":[{"href":"https:\/\/blog.polityka.pl\/adamczewski\/wp-json\/wp\/v2\/media?parent=1234"}],"wp:term":[{"taxonomy":"category","embeddable":true,"href":"https:\/\/blog.polityka.pl\/adamczewski\/wp-json\/wp\/v2\/categories?post=1234"},{"taxonomy":"post_tag","embeddable":true,"href":"https:\/\/blog.polityka.pl\/adamczewski\/wp-json\/wp\/v2\/tags?post=1234"}],"curies":[{"name":"wp","href":"https:\/\/api.w.org\/{rel}","templated":true}]}}