
{"id":1245,"date":"2009-10-02T08:00:20","date_gmt":"2009-10-02T06:00:20","guid":{"rendered":"http:\/\/adamczewski.blog.polityka.pl\/?p=1245"},"modified":"2009-10-04T10:51:34","modified_gmt":"2009-10-04T08:51:34","slug":"krystyna-janda-jakiej-nie-znalem","status":"publish","type":"post","link":"https:\/\/blog.polityka.pl\/adamczewski\/2009\/10\/02\/krystyna-janda-jakiej-nie-znalem\/","title":{"rendered":"Krystyna Janda jakiej nie zna\u0142em"},"content":{"rendered":"<p><a href=\"\/wp-content\/uploads\/2009\/10\/warta-2-_h5m3268.jpg\"><img loading=\"lazy\" decoding=\"async\" class=\"aligncenter size-full wp-image-1247\" title=\"warta-2-_h5m3268\" src=\"\/wp-content\/uploads\/2009\/10\/warta-2-_h5m3268.jpg\" alt=\"\" width=\"500\" height=\"333\" srcset=\"\/adamczewski\/wp-content\/uploads\/2009\/10\/warta-2-_h5m3268.jpg 640w, \/adamczewski\/wp-content\/uploads\/2009\/10\/warta-2-_h5m3268-300x200.jpg 300w\" sizes=\"(max-width: 500px) 100vw, 500px\" \/><\/a><\/p>\n<p>\u00a0W cyklu imprez (pierwsze popo\u0142udnie\u00a0 z autorami krymina\u0142\u00f3w Markiem Krajewskim i Mariuszem Czubajem relacjonowa\u0142em par\u0119 tygodni temu) &#8222;Kultura WARTA poznania&#8221; odby\u0142o si\u0119 w warszawskim Zamku Ujazdowskim spotkanie z Krystyn\u0105 Jand\u0105. Tematem by\u0142 film ale rozmowa z artystk\u0105 kr\u0105\u017cy\u0142a g\u0142\u00f3wnie wok\u00f3\u0142 spraw teatru. Krystyna Janda odnios\u0142a sukces uruchamiaj\u0105c prywatny teatr &#8222;Polonia&#8221; w Warszawie. Dosta\u0107 si\u0119 na spektakl jest trudniej ni\u017c na jak\u0105kolwiek imprez\u0119 w stolicy. Wszystkie premiery s\u0105 wydarzeniami. A na tej scenie wyst\u0119puj\u0105 najwybitniejsi aktorzy, cho\u0107 m\u0142odych czy wr\u0119cz debiutant\u00f3w te\u017c nie brakuje.<br \/>\nTeraz Krystyna Janda wda\u0142a si\u0119 w kolejn\u0105 przygod\u0119 czy wr\u0119cz w awanturnicze przedsi\u0119wzi\u0119cie: uruchamia drug\u0105, znacznie wi\u0119ksz\u0105, scen\u0119 w dawnym kinie &#8222;Ochota&#8221;. Prace adaptacyjne w pe\u0142nym toku, g\u0142\u00f3wn\u0105 przeszkod\u0105 jest oczywi\u015bcie brak got\u00f3wki. Artystka jednak jak opowiada\u0142a nie daje si\u0119 przeciwno\u015bciom losu i skacze z trzeciego pi\u0119tra trampoliny do basenu licz\u0105c, \u017ce zd\u0105\u017cy on si\u0119 nape\u0142ni\u0107 wod\u0105.<br \/>\nNow\u0105 scen\u0105 kierowa\u0107 ma Maria Seweryn czyli c\u00f3rka szefowej ca\u0142o\u015bci.<\/p>\n<p>\u00a0<a href=\"\/wp-content\/uploads\/2009\/10\/janda_pietrasik_01.jpg\"><img loading=\"lazy\" decoding=\"async\" class=\"aligncenter size-full wp-image-1251\" title=\"janda_pietrasik_01\" src=\"\/wp-content\/uploads\/2009\/10\/janda_pietrasik_01.jpg\" alt=\"\" width=\"450\" height=\"408\" srcset=\"\/adamczewski\/wp-content\/uploads\/2009\/10\/janda_pietrasik_01.jpg 450w, \/adamczewski\/wp-content\/uploads\/2009\/10\/janda_pietrasik_01-300x272.jpg 300w\" sizes=\"(max-width: 450px) 100vw, 450px\" \/><\/a><a href=\"\/wp-content\/uploads\/2009\/10\/warta-2-_h5m3268.jpg\"><\/a><\/p>\n<p>Jest ju\u017c oczywi\u015bcie gotowy plan repertuaru. I zapewne\u00a0&#8211; tak jak przy uruchamianiu &#8222;Polonii&#8221;\u00a0&#8211; pr\u00f3by rozpoczn\u0105 si\u0119 jeszcze przed opuszczeniem gmachu przez ekipy budowlane. Poznawszy prywatnie Krystyn\u0119 Jand\u0119\u00a0&#8211; je\u015bli jeden wsp\u00f3lny wyst\u0119p i obiad wystarczy by to napisa\u0107\u00a0&#8211; jestem pewien, \u017ce wszystko si\u0119 uda.<br \/>\nKrystyna Janda pytana przez uczestnik\u00f3w spotkania, kt\u00f3rymi byli klienci &#8222;Warty&#8221;, powiedzia\u0142a, \u017ce nadaje si\u0119 do prowadzenia teatru jak ma\u0142o kto. Jest bowiem kobiet\u0105 spe\u0142nion\u0105. Odnios\u0142a sukcesy w filmie, teatrze, na estradzie. Ma szereg nagr\u00f3d z r\u00f3\u017cnych festiwali, gra\u0142a w produkcja najwybitniejszych re\u017cyser\u00f3w polskich i zagranicznych. Jako aktorka niczego ju\u017c innym aktorkom nie zazdro\u015bci. Mo\u017ce wi\u0119c z pe\u0142nym zaanga\u017cowaniem po\u015bwi\u0119ci\u0107 si\u0119 ich karierom. Cho\u0107\u00a0&#8211; jak przyzna\u0142a\u00a0&#8211; nie ma najmniejszego zamiaru zrezygnowa\u0107 z w\u0142asnych wyst\u0119p\u00f3w. I prawd\u0119 powiedziawszy jej nazwisko elektryzuje publiczno\u015b\u0107 i powoduje kolejki przed kasami.<\/p>\n<p><a href=\"\/wp-content\/uploads\/2009\/10\/warta-_h5m3777.jpg\"><img loading=\"lazy\" decoding=\"async\" class=\"aligncenter size-full wp-image-1248\" title=\"warta-_h5m3777\" src=\"\/wp-content\/uploads\/2009\/10\/warta-_h5m3777.jpg\" alt=\"\" width=\"500\" height=\"333\" srcset=\"\/adamczewski\/wp-content\/uploads\/2009\/10\/warta-_h5m3777.jpg 640w, \/adamczewski\/wp-content\/uploads\/2009\/10\/warta-_h5m3777-300x200.jpg 300w\" sizes=\"(max-width: 500px) 100vw, 500px\" \/><\/a><\/p>\n<p>Po zako\u0144czeniu rozmowy z artystk\u0105, kt\u00f3r\u0105 prowadzi\u0142 m\u00f3j redakcyjny kolega Zdzis\u0142aw Pietrasik, stremowany jak nigdy, stan\u0105\u0142em przed publiczno\u015bci\u0105 i na wprost wielkiej aktorki, by opowiedzie\u0107 par\u0119 anegdot z filmowych realizacji a dotycz\u0105cych uczt, kuchni i smakoszy. Mia\u0142em zadanie o tyle \u0142atwiejsze, \u017ce kilka dni wcze\u015bniej obejrza\u0142em wspania\u0142y film &#8222;Julie i Julia&#8221; z Meryl Streep w roli g\u0142\u00f3wnej. Opowiem o tym przy innej okazji. Dzi\u015b na koniec tej relacji dodam tylko kart\u0119 menu przygotowan\u0105 przez restauracj\u0119 &#8222;Qchnia Artystyczna&#8221; prowadzon\u0105 przez wspania\u0142\u0105 Mart\u0119 Gessler. Oto czym mogli\u015bmy zaspokoi\u0107 g\u0142\u00f3d rozbudzony filmowymi opowie\u015bciami o kuchni i kucharzach: zupa grzybowa z \u0142azankami (wyb\u00f3r Krystyny Jandy) lub krem z zielonego groszku (m\u00f3j wyb\u00f3r). Obie zupy doskona\u0142e a krem groszkowy pikantny i pachn\u0105cy warzywami to cudo.<\/p>\n<p><a href=\"\/wp-content\/uploads\/2009\/10\/warta-3_h5m3826.jpg\"><img loading=\"lazy\" decoding=\"async\" class=\"aligncenter size-full wp-image-1249\" title=\"warta-3_h5m3826\" src=\"\/wp-content\/uploads\/2009\/10\/warta-3_h5m3826.jpg\" alt=\"\" width=\"500\" height=\"333\" srcset=\"\/adamczewski\/wp-content\/uploads\/2009\/10\/warta-3_h5m3826.jpg 640w, \/adamczewski\/wp-content\/uploads\/2009\/10\/warta-3_h5m3826-300x200.jpg 300w\" sizes=\"(max-width: 500px) 100vw, 500px\" \/><\/a><\/p>\n<p>Placki ziemniaczane z sosem z prawdziwk\u00f3w ze \u015bmietan\u0105 ( Krystyna Janda nami\u0119tna mi\u0142o\u015bniczka grzyb\u00f3w na talerzu nie w lesie), plastry pol\u0119dwicy z chili z ostrym sosem imbirowym, pra\u017conymi orzeszkami i bia\u0142ym ry\u017cem ( red. Pietrasik chwali\u0142 bardzo) lub \u0142oso\u015b pieczony z sosem balsamino, karmelizowanym porem i puree ziemniaczanym (wybra\u0142em i nie \u017ca\u0142uj\u0119). Nie wiem co wybra\u0142o szefostwo Warty?!<\/p>\n<p>Deser czyli sernik z sosem malinowym opu\u015bcili\u015bmy oboje spiesz\u0105c si\u0119 do dalszych zaj\u0119\u0107. A o przek\u0105skach zapomnia\u0142em, wi\u0119c wyprostowuj\u0119 ten b\u0142\u0105d, wspominaj\u0105c tylko o fantastycznych \u015bledziach w \u015bmietanie.<br \/>\nChyba jasno wynika z tej relacji, \u017ce\u00a0 kultura naprawd\u0119 jest warta poznania. Byle w pobli\u017cu dobrego sto\u0142u.<\/p>\n<p>Fot. Tadeusz P\u00f3\u017aniak\/Polityka<\/p>\n","protected":false},"excerpt":{"rendered":"<p>\u00a0W cyklu imprez (pierwsze popo\u0142udnie\u00a0 z autorami krymina\u0142\u00f3w Markiem Krajewskim i Mariuszem Czubajem relacjonowa\u0142em par\u0119 tygodni temu) &#8222;Kultura WARTA poznania&#8221; odby\u0142o si\u0119 w warszawskim Zamku Ujazdowskim spotkanie z Krystyn\u0105 Jand\u0105. Tematem by\u0142 film ale rozmowa z artystk\u0105 kr\u0105\u017cy\u0142a g\u0142\u00f3wnie wok\u00f3\u0142 spraw teatru. Krystyna Janda odnios\u0142a sukces uruchamiaj\u0105c prywatny teatr &#8222;Polonia&#8221; w Warszawie. Dosta\u0107 si\u0119 na [&hellip;]<\/p>\n","protected":false},"author":2,"featured_media":0,"comment_status":"open","ping_status":"open","sticky":false,"template":"","format":"standard","meta":{"footnotes":""},"categories":[1],"tags":[],"_links":{"self":[{"href":"https:\/\/blog.polityka.pl\/adamczewski\/wp-json\/wp\/v2\/posts\/1245"}],"collection":[{"href":"https:\/\/blog.polityka.pl\/adamczewski\/wp-json\/wp\/v2\/posts"}],"about":[{"href":"https:\/\/blog.polityka.pl\/adamczewski\/wp-json\/wp\/v2\/types\/post"}],"author":[{"embeddable":true,"href":"https:\/\/blog.polityka.pl\/adamczewski\/wp-json\/wp\/v2\/users\/2"}],"replies":[{"embeddable":true,"href":"https:\/\/blog.polityka.pl\/adamczewski\/wp-json\/wp\/v2\/comments?post=1245"}],"version-history":[{"count":0,"href":"https:\/\/blog.polityka.pl\/adamczewski\/wp-json\/wp\/v2\/posts\/1245\/revisions"}],"wp:attachment":[{"href":"https:\/\/blog.polityka.pl\/adamczewski\/wp-json\/wp\/v2\/media?parent=1245"}],"wp:term":[{"taxonomy":"category","embeddable":true,"href":"https:\/\/blog.polityka.pl\/adamczewski\/wp-json\/wp\/v2\/categories?post=1245"},{"taxonomy":"post_tag","embeddable":true,"href":"https:\/\/blog.polityka.pl\/adamczewski\/wp-json\/wp\/v2\/tags?post=1245"}],"curies":[{"name":"wp","href":"https:\/\/api.w.org\/{rel}","templated":true}]}}