
{"id":12631,"date":"2014-06-10T07:00:04","date_gmt":"2014-06-10T05:00:04","guid":{"rendered":"http:\/\/adamczewski.blog.polityka.pl\/?p=12631"},"modified":"2014-06-10T08:31:09","modified_gmt":"2014-06-10T06:31:09","slug":"sarny-dziki-losie-i-milosnicy-ksiazek","status":"publish","type":"post","link":"https:\/\/blog.polityka.pl\/adamczewski\/2014\/06\/10\/sarny-dziki-losie-i-milosnicy-ksiazek\/","title":{"rendered":"Sarny, dziki, \u0142osie i&#8230; mi\u0142o\u015bnicy ksi\u0105\u017cek"},"content":{"rendered":"<p>Sp\u0119dzili\u015bmy niedziel\u0119 w Puszczy Kampinoskiej, przewo\u017c\u0105c pod Warszaw\u0119 pozdrowienia z Puszczy Bia\u0142ej. W Izabelinie, do kt\u00f3rego prowadz\u0105 drogi pe\u0142ne ostrze\u017ce\u0144 przed przebiegaj\u0105cymi dzikimi zwierz\u0119tami (spotkali\u015bmy tylko jedn\u0105 wiewi\u00f3rk\u0119 i rodzink\u0119 je\u017cy), mia\u0142o miejsce XVI Spotkanie z Ksi\u0105\u017ck\u0105. Imprez\u0119 z rozmachem zorganizowa\u0142 s\u0142ynny warszawski ksi\u0119garz Czes\u0142aw Apiecionek wraz z izabeli\u0144skim w\u00f3jtem oraz Maryl\u0105 \u0141ukasi\u0144sk\u0105 z tamtejszego bardzo rzutkiego Centrum Kultury.<br \/>\n<!--more--><br \/>\nOd 10 rano do 15 po po\u0142udniu 22 wydawnictwa (a w\u015br\u00f3d nich Iskry, Bellona, Wydawnictwo Literackie, Czarne, Zysk i S-ka) oraz 10 autor\u00f3w (m.in. Krzysztof Varga, Jan Gondowicz, Janusz Majewski) prezentowa\u0142o swoje ksi\u0105\u017cki, sk\u0142ada\u0142o autografy, opowiada\u0142o o planach tw\u00f3rczych. W przerwach mi\u0119dzy wyst\u0119pami pisarzy mia\u0142 miejsce koncert Agnieszki Konarskiej \u015bpiewaj\u0105cej piosenki Agnieszki Osieckiej. Artystka mia\u0142a u\u0142atwione zadanie, bo w\u015br\u00f3d tekst\u00f3w Osieckiej nietrudno znale\u017a\u0107 utwory o\u00a0literaturze, poezji i ksi\u0105\u017ckach. Agnieszka Konarska (zwi\u0105zana z Filharmoni\u0105 Narodow\u0105) zaprezentowa\u0142a si\u0119 jako wykonawczyni o \u015bwietnym g\u0142osie i doskona\u0142ym kontakcie z publiczno\u015bci\u0105.<\/p>\n<p>Mi\u0142o\u015bnicy ksi\u0105\u017cek (a ku naszej rado\u015bci by\u0142a to niema\u0142a grupa mieszka\u0144c\u00f3w Izabelina i okolicznych miejscowo\u015bci) mieli tak\u017ce mo\u017cliwo\u015b\u0107 kupowania ksi\u0105\u017cek sprzed lat, poniewa\u017c w imprezie uczestniczyli te\u017c do\u015b\u0107 licznie antykwariusze.<\/p>\n<p>Tak\u017ce i my mieli\u015bmy powody do zadowolenia, bo uda\u0142o si\u0119 nam kupi\u0107 \u015bwietn\u0105 ksi\u0105\u017ck\u0119 autorstwa prof. Andrzeja Z. Makowieckiego &#8211; &#8222;Warszawskie kawiarnie literackie&#8221; &#8211; oraz ksi\u0105\u017ck\u0119 wspania\u0142ej t\u0142umaczki literatury angloj\u0119zycznej Anny Przedpe\u0142skiej-Trzeciakowskiej &#8211; &#8222;Jane Austen i jej racjonalne romanse&#8221;. Oba dzie\u0142a zawieraj\u0105 &#8211; co nas interesuje szczeg\u00f3lnie &#8211; liczne w\u0105tki obyczajowo-kulinarne.<\/p>\n<p>Nie narzekamy te\u017c na brak mi\u0142ych spotka\u0144 z czytelnikami, co owocowa\u0142o autografami sk\u0142adanymi na naszych dw\u00f3ch ostatnio wydanych tytu\u0142ach oraz ciekawymi rozmowami o sztuce kulinarnej, zmieniaj\u0105cych si\u0119 obyczajach i otwieraniu si\u0119 rodak\u00f3w na obce smaki.<\/p>\n<p>W drodze powrotnej do naszej wsi kupili\u015bmy &#8211; po raz pierwszy w tym sezonie &#8211; naprawd\u0119 pyszne, pe\u0142ne aromatu i s\u0142o\u0144ca truskawki. By\u0142a to wi\u0119c udana i smaczna niedziela.<\/p>\n<p><strong>PS<\/strong> Zapraszam teraz mi\u0142o\u015bnik\u00f3w ksi\u0105\u017cek (w tym oczywi\u015bcie ksi\u0105\u017cek kulinarnych) na Imieniny Jana Kochanowskiego, kt\u00f3re odb\u0119d\u0105 si\u0119 w Ogrodzie Krasi\u0144skich w Warszawie w sobot\u0119, 14 czerwca. B\u0119dzie tam mn\u00f3stwo atrakcyjnych imprez (program w internecie), go\u015bciem honorowym &#8211; Tadeusz Boy-\u017bele\u0144ski, w kt\u00f3rego posta\u0107 wciel\u0105 si\u0119 krytycy i dziennikarze. Kilkudziesi\u0119ciu wydawc\u00f3w wystawi swoje ksi\u0105\u017cki i posadzi za stolikami autor\u00f3w, by dawali ch\u0119tnym autografy. Te\u017c tam b\u0119d\u0119 &#8211; w stoisku Firmy Ksi\u0119garskiej Olesiejuk od godziny 12 w po\u0142udnie.<\/p>\n","protected":false},"excerpt":{"rendered":"<p>Sp\u0119dzili\u015bmy niedziel\u0119 w Puszczy Kampinoskiej, przewo\u017c\u0105c pod Warszaw\u0119 pozdrowienia z Puszczy Bia\u0142ej. W Izabelinie, do kt\u00f3rego prowadz\u0105 drogi pe\u0142ne ostrze\u017ce\u0144 przed przebiegaj\u0105cymi dzikimi zwierz\u0119tami (spotkali\u015bmy tylko jedn\u0105 wiewi\u00f3rk\u0119 i rodzink\u0119 je\u017cy), mia\u0142o miejsce XVI Spotkanie z Ksi\u0105\u017ck\u0105. Imprez\u0119 z rozmachem zorganizowa\u0142 s\u0142ynny warszawski ksi\u0119garz Czes\u0142aw Apiecionek wraz z izabeli\u0144skim w\u00f3jtem oraz Maryl\u0105 \u0141ukasi\u0144sk\u0105 z tamtejszego [&hellip;]<\/p>\n","protected":false},"author":2,"featured_media":0,"comment_status":"open","ping_status":"closed","sticky":false,"template":"","format":"standard","meta":{"footnotes":""},"categories":[1],"tags":[],"_links":{"self":[{"href":"https:\/\/blog.polityka.pl\/adamczewski\/wp-json\/wp\/v2\/posts\/12631"}],"collection":[{"href":"https:\/\/blog.polityka.pl\/adamczewski\/wp-json\/wp\/v2\/posts"}],"about":[{"href":"https:\/\/blog.polityka.pl\/adamczewski\/wp-json\/wp\/v2\/types\/post"}],"author":[{"embeddable":true,"href":"https:\/\/blog.polityka.pl\/adamczewski\/wp-json\/wp\/v2\/users\/2"}],"replies":[{"embeddable":true,"href":"https:\/\/blog.polityka.pl\/adamczewski\/wp-json\/wp\/v2\/comments?post=12631"}],"version-history":[{"count":6,"href":"https:\/\/blog.polityka.pl\/adamczewski\/wp-json\/wp\/v2\/posts\/12631\/revisions"}],"predecessor-version":[{"id":12633,"href":"https:\/\/blog.polityka.pl\/adamczewski\/wp-json\/wp\/v2\/posts\/12631\/revisions\/12633"}],"wp:attachment":[{"href":"https:\/\/blog.polityka.pl\/adamczewski\/wp-json\/wp\/v2\/media?parent=12631"}],"wp:term":[{"taxonomy":"category","embeddable":true,"href":"https:\/\/blog.polityka.pl\/adamczewski\/wp-json\/wp\/v2\/categories?post=12631"},{"taxonomy":"post_tag","embeddable":true,"href":"https:\/\/blog.polityka.pl\/adamczewski\/wp-json\/wp\/v2\/tags?post=12631"}],"curies":[{"name":"wp","href":"https:\/\/api.w.org\/{rel}","templated":true}]}}