
{"id":1265,"date":"2009-10-14T08:00:56","date_gmt":"2009-10-14T06:00:56","guid":{"rendered":"http:\/\/adamczewski.blog.polityka.pl\/?p=1265"},"modified":"2009-10-07T17:51:36","modified_gmt":"2009-10-07T15:51:36","slug":"zgadnij-co-gotujemy-6-seria-b","status":"publish","type":"post","link":"https:\/\/blog.polityka.pl\/adamczewski\/2009\/10\/14\/zgadnij-co-gotujemy-6-seria-b\/","title":{"rendered":"Zgadnij co gotujemy? (6  B)"},"content":{"rendered":"<p>Zapowiedzia\u0142em nagrod\u0119\u00a0&#8211; niespodziank\u0119. Wyzna\u0142em te\u017c, \u017ce nie b\u0119dzie to \u017cadna ksi\u0105\u017cka. No i nadszed\u0142 czas by wszystko ujawni\u0107. Kto odpowie prawid\u0142owo na trzy pytania ( a co jest prawid\u0142owe wiem tylko ja i nawet Stanis\u0142aw nie zbije mnie z panta\u0142yku!) ten otrzyma pi\u0119kny czerwony fartuch z nadrukiem Akademii Gotowania Kurta Schellera oraz r\u00f3wnie pi\u0119kny kubek &#8222;Polityki&#8221;. Oto dzisiejsza porcja pyta\u0144:<\/p>\n<p>1\u00a0&#8211; Kurt Scheller wyda\u0142 dwie ksi\u0105\u017cki w j\u0119zyku polskim; wymie\u0144 cho\u0107 jeden tytu\u0142.<\/p>\n<p>2\u00a0&#8211; Pod koniec XIX wieku wymy\u015blono danie zwane musli; w jakim kraju to by\u0142o?<\/p>\n<p>3\u00a0&#8211; Przed ponad stu laty zjawili si\u0119 w Polsce mistrzowie cukiernictwa emigruj\u0105c nad Wis\u0142\u0119 spod szczyt\u00f3w Alp i zainicjowali tu niebywa\u0142y rozw\u00f3j s\u0142odkiej produkcji; wymie\u0144 cho\u0107 jedno nazwisko.<\/p>\n<p>Prosz\u0119 szybko \u0142apa\u0107 mysz w r\u0119k\u0119 i wysy\u0142a\u0107 dobre odpowiedzi na adres: <a href=\"mailto:internet@polityka.pl\">internet@polityka.pl<\/a>\u00a0\u00a0 Kto pierwszy ten lepszy czyli fartuch i kubek ju\u017c jego.<\/p>\n<p>\u00a0<\/p>\n<p>\u00a0<\/p>\n","protected":false},"excerpt":{"rendered":"<p>Zapowiedzia\u0142em nagrod\u0119\u00a0&#8211; niespodziank\u0119. Wyzna\u0142em te\u017c, \u017ce nie b\u0119dzie to \u017cadna ksi\u0105\u017cka. No i nadszed\u0142 czas by wszystko ujawni\u0107. Kto odpowie prawid\u0142owo na trzy pytania ( a co jest prawid\u0142owe wiem tylko ja i nawet Stanis\u0142aw nie zbije mnie z panta\u0142yku!) ten otrzyma pi\u0119kny czerwony fartuch z nadrukiem Akademii Gotowania Kurta Schellera oraz r\u00f3wnie pi\u0119kny kubek [&hellip;]<\/p>\n","protected":false},"author":2,"featured_media":0,"comment_status":"open","ping_status":"open","sticky":false,"template":"","format":"standard","meta":{"footnotes":""},"categories":[1],"tags":[],"_links":{"self":[{"href":"https:\/\/blog.polityka.pl\/adamczewski\/wp-json\/wp\/v2\/posts\/1265"}],"collection":[{"href":"https:\/\/blog.polityka.pl\/adamczewski\/wp-json\/wp\/v2\/posts"}],"about":[{"href":"https:\/\/blog.polityka.pl\/adamczewski\/wp-json\/wp\/v2\/types\/post"}],"author":[{"embeddable":true,"href":"https:\/\/blog.polityka.pl\/adamczewski\/wp-json\/wp\/v2\/users\/2"}],"replies":[{"embeddable":true,"href":"https:\/\/blog.polityka.pl\/adamczewski\/wp-json\/wp\/v2\/comments?post=1265"}],"version-history":[{"count":0,"href":"https:\/\/blog.polityka.pl\/adamczewski\/wp-json\/wp\/v2\/posts\/1265\/revisions"}],"wp:attachment":[{"href":"https:\/\/blog.polityka.pl\/adamczewski\/wp-json\/wp\/v2\/media?parent=1265"}],"wp:term":[{"taxonomy":"category","embeddable":true,"href":"https:\/\/blog.polityka.pl\/adamczewski\/wp-json\/wp\/v2\/categories?post=1265"},{"taxonomy":"post_tag","embeddable":true,"href":"https:\/\/blog.polityka.pl\/adamczewski\/wp-json\/wp\/v2\/tags?post=1265"}],"curies":[{"name":"wp","href":"https:\/\/api.w.org\/{rel}","templated":true}]}}