
{"id":127,"date":"2007-01-17T07:50:00","date_gmt":"2007-01-17T06:50:00","guid":{"rendered":"http:\/\/adamczewski.blog.polityka.pl\/?p=127"},"modified":"2007-01-17T09:18:13","modified_gmt":"2007-01-17T08:18:13","slug":"zgadnij-co-gotujemy-23","status":"publish","type":"post","link":"https:\/\/blog.polityka.pl\/adamczewski\/2007\/01\/17\/zgadnij-co-gotujemy-23\/","title":{"rendered":"Zgadnij co gotujemy? (23)"},"content":{"rendered":"<p>Kolejny quiz b\u0119dzie s\u0142odki. Sam nie jestem zbytnim mi\u0142o\u015bnikiem s\u0142odyczy ale s\u0105 takie, kt\u00f3re jadam ch\u0119tnie. Wi\u0119kszo\u015b\u0107 smakoszy za\u015b za s\u0142odyczami przepada. Trzy dzisiejsze pytania b\u0119d\u0105 wi\u0119c zwi\u0105zane ze s\u0142odkimi, deserowymi tematami. Kto najszybciej i prawid\u0142owo na nie odpowie otrzyma ksi\u0105\u017ck\u0119 wydan\u0105 przez Nowy \u015awiat pi\u00f3ra Barbary Adamczewskiej pt. &#8222;Kuchnia \u017cydowska wg. Rebeki Wolff&#8221;. Jest tam sporo oryginalnych przepis\u00f3w deserowych. Nagroda b\u0119dzie oczywi\u015bcie z dedykacj\u0105 i autografami &#8211; autorki i na przyprz\u0105\u017ck\u0119 moim.<\/p>\n<p>No to do dzie\u0142a!<\/p>\n<p>1) Co to jest grenadina?<\/p>\n<p>2) Co to jest lukrecja?<\/p>\n<p>3) Co jest podstaw\u0105 marcepana?<\/p>\n<p>Odpowiedzi, jak zwykle, trzeba wysy\u0142a\u0107 na adres<\/p>\n<p><a href=\"mailto:internet@polityka.com.pl\">internet@polityka.com.pl<\/a><\/p>\n","protected":false},"excerpt":{"rendered":"<p>Kolejny quiz b\u0119dzie s\u0142odki. Sam nie jestem zbytnim mi\u0142o\u015bnikiem s\u0142odyczy ale s\u0105 takie, kt\u00f3re jadam ch\u0119tnie. Wi\u0119kszo\u015b\u0107 smakoszy za\u015b za s\u0142odyczami przepada. Trzy dzisiejsze pytania b\u0119d\u0105 wi\u0119c zwi\u0105zane ze s\u0142odkimi, deserowymi tematami. Kto najszybciej i prawid\u0142owo na nie odpowie otrzyma ksi\u0105\u017ck\u0119 wydan\u0105 przez Nowy \u015awiat pi\u00f3ra Barbary Adamczewskiej pt. &#8222;Kuchnia \u017cydowska wg. Rebeki Wolff&#8221;. Jest [&hellip;]<\/p>\n","protected":false},"author":2,"featured_media":0,"comment_status":"open","ping_status":"open","sticky":false,"template":"","format":"standard","meta":{"footnotes":""},"categories":[1],"tags":[],"_links":{"self":[{"href":"https:\/\/blog.polityka.pl\/adamczewski\/wp-json\/wp\/v2\/posts\/127"}],"collection":[{"href":"https:\/\/blog.polityka.pl\/adamczewski\/wp-json\/wp\/v2\/posts"}],"about":[{"href":"https:\/\/blog.polityka.pl\/adamczewski\/wp-json\/wp\/v2\/types\/post"}],"author":[{"embeddable":true,"href":"https:\/\/blog.polityka.pl\/adamczewski\/wp-json\/wp\/v2\/users\/2"}],"replies":[{"embeddable":true,"href":"https:\/\/blog.polityka.pl\/adamczewski\/wp-json\/wp\/v2\/comments?post=127"}],"version-history":[{"count":0,"href":"https:\/\/blog.polityka.pl\/adamczewski\/wp-json\/wp\/v2\/posts\/127\/revisions"}],"wp:attachment":[{"href":"https:\/\/blog.polityka.pl\/adamczewski\/wp-json\/wp\/v2\/media?parent=127"}],"wp:term":[{"taxonomy":"category","embeddable":true,"href":"https:\/\/blog.polityka.pl\/adamczewski\/wp-json\/wp\/v2\/categories?post=127"},{"taxonomy":"post_tag","embeddable":true,"href":"https:\/\/blog.polityka.pl\/adamczewski\/wp-json\/wp\/v2\/tags?post=127"}],"curies":[{"name":"wp","href":"https:\/\/api.w.org\/{rel}","templated":true}]}}