
{"id":1276,"date":"2009-10-21T08:00:39","date_gmt":"2009-10-21T06:00:39","guid":{"rendered":"http:\/\/adamczewski.blog.polityka.pl\/?p=1276"},"modified":"2009-10-19T15:54:34","modified_gmt":"2009-10-19T13:54:34","slug":"zgadnij-co-gotujemy-7-b","status":"publish","type":"post","link":"https:\/\/blog.polityka.pl\/adamczewski\/2009\/10\/21\/zgadnij-co-gotujemy-7-b\/","title":{"rendered":"Zgadnij co gotujemy? (7 B)"},"content":{"rendered":"<p class=\"MsoNormal\" style=\"margin: 0cm 0cm 10pt;\"><strong style=\"mso-bidi-font-weight: normal;\"><\/strong><\/p>\n<p class=\"MsoNormal\" style=\"margin: 0cm 0cm 10pt;\"><span style=\"line-height: 115%; font-family: \">W tym tygodniu znowu jako nagrod\u0119 podsuwam Wam (na przyn\u0119t\u0119) &#8222;Przewodnik Polityki Polska na urlop i weekend&#8221;. Kto prawid\u0142owo odpowie na trzy pytania i najszybciej przy\u015ble je na adres <a href=\"mailto:internet@polityka.pl\">internet@polityka.pl<\/a> ten b\u0119dzie m\u00f3g\u0142 w\u0119drowa\u0107 po naszym kraju korzystaj\u0105c z podpowiedzianych tras i jada\u0107 pod wskazanymi przeze mnie adresami. No to do zabawy:<\/span><\/p>\n<p class=\"MsoNormal\" style=\"margin: 0cm 0cm 10pt;\"><span style=\"line-height: 115%; font-family: \">1 &#8211; Gdzie w Polsce mie\u015bci si\u0119 muzeum chleba?<\/span><\/p>\n<p class=\"MsoNormal\" style=\"margin: 0cm 0cm 10pt;\"><span style=\"line-height: 115%; font-family: \">2 &#8211; <\/span><span style=\"font-size: small;\"><em><span style=\"font-family: \">Na wiosn\u0119 w porze obfitego po\u0142awiania w naszej Wi\u015ble jesiotr\u00f3w, podaj\u0119 przepis przyrz\u0105dzania kawioru, w wyrabianiu kt\u00f3rego dosz\u0142am do wybornych rezultat\u00f3w<\/span><\/em><span style=\"font-family: Calibri;\">\u00a0&#8211; jaka autorka i kiedy napisa\u0142a te s\u0142owa?<\/span><\/span><\/p>\n<p class=\"MsoNormal\" style=\"margin: 0cm 0cm 10pt;\"><span style=\"line-height: 115%; font-family: \">3 &#8211; Na krakowskim Rynku obok Wierzynka jest wiele znanych restauracji ale tylko jedna mo\u017ce poszczyci\u0107 si\u0119 ponad dwustuletni\u0105 histori\u0105 to&#8230; ?<\/span><\/p>\n<p class=\"MsoNormal\" style=\"margin: 0cm 0cm 10pt;\"><span style=\"line-height: 115%; font-family: \">I tym razem chyba nie by\u0142y to pytania nadmierne trudne. Prosz\u0119 wi\u0119c o odpowiedzi, a ja ju\u017c szykuj\u0119 kopert\u0119 i wzywam pocztmistrza.<\/span><\/p>\n<p class=\"MsoNormal\" style=\"margin: 0cm 0cm 10pt;\"><span style=\"line-height: 115%; font-family: \">\u00a0<\/span><\/p>\n<p class=\"MsoNormal\" style=\"margin: 0cm 0cm 10pt;\"><span style=\"line-height: 115%; font-family: \">\u00a0<\/span><\/p>\n","protected":false},"excerpt":{"rendered":"<p>W tym tygodniu znowu jako nagrod\u0119 podsuwam Wam (na przyn\u0119t\u0119) &#8222;Przewodnik Polityki Polska na urlop i weekend&#8221;. Kto prawid\u0142owo odpowie na trzy pytania i najszybciej przy\u015ble je na adres internet@polityka.pl ten b\u0119dzie m\u00f3g\u0142 w\u0119drowa\u0107 po naszym kraju korzystaj\u0105c z podpowiedzianych tras i jada\u0107 pod wskazanymi przeze mnie adresami. No to do zabawy: 1 &#8211; Gdzie [&hellip;]<\/p>\n","protected":false},"author":2,"featured_media":0,"comment_status":"open","ping_status":"open","sticky":false,"template":"","format":"standard","meta":{"footnotes":""},"categories":[1],"tags":[],"_links":{"self":[{"href":"https:\/\/blog.polityka.pl\/adamczewski\/wp-json\/wp\/v2\/posts\/1276"}],"collection":[{"href":"https:\/\/blog.polityka.pl\/adamczewski\/wp-json\/wp\/v2\/posts"}],"about":[{"href":"https:\/\/blog.polityka.pl\/adamczewski\/wp-json\/wp\/v2\/types\/post"}],"author":[{"embeddable":true,"href":"https:\/\/blog.polityka.pl\/adamczewski\/wp-json\/wp\/v2\/users\/2"}],"replies":[{"embeddable":true,"href":"https:\/\/blog.polityka.pl\/adamczewski\/wp-json\/wp\/v2\/comments?post=1276"}],"version-history":[{"count":0,"href":"https:\/\/blog.polityka.pl\/adamczewski\/wp-json\/wp\/v2\/posts\/1276\/revisions"}],"wp:attachment":[{"href":"https:\/\/blog.polityka.pl\/adamczewski\/wp-json\/wp\/v2\/media?parent=1276"}],"wp:term":[{"taxonomy":"category","embeddable":true,"href":"https:\/\/blog.polityka.pl\/adamczewski\/wp-json\/wp\/v2\/categories?post=1276"},{"taxonomy":"post_tag","embeddable":true,"href":"https:\/\/blog.polityka.pl\/adamczewski\/wp-json\/wp\/v2\/tags?post=1276"}],"curies":[{"name":"wp","href":"https:\/\/api.w.org\/{rel}","templated":true}]}}