
{"id":12835,"date":"2014-07-16T07:00:46","date_gmt":"2014-07-16T05:00:46","guid":{"rendered":"http:\/\/adamczewski.blog.polityka.pl\/?p=12835"},"modified":"2014-07-16T10:08:54","modified_gmt":"2014-07-16T08:08:54","slug":"zaginiony-swiat-jacwingow","status":"publish","type":"post","link":"https:\/\/blog.polityka.pl\/adamczewski\/2014\/07\/16\/zaginiony-swiat-jacwingow\/","title":{"rendered":"Zaginiony \u015bwiat Ja\u0107wing\u00f3w"},"content":{"rendered":"<p>To podobno najstarszy park krajobrazowy w Polsce. Ci, kt\u00f3rzy go odwiedzili, oraz przyrodnicy twierdz\u0105 te\u017c, \u017ce jest ze wszystkich najpi\u0119kniejszy. Suwalski Park Narodowy nale\u017cy odwiedzi\u0107 co najmniej trzykrotnie. Za ka\u017cdym razem bowiem zaprezentuje si\u0119 w\u0119drowcom inaczej. Wystarczy tylko przyjecha\u0107 tu zim\u0105, potem na wiosn\u0119 i w ko\u0144cu jesieni\u0105. Za ka\u017cdym razem zobaczymy te same pag\u00f3rki i lasy oraz jeziora wygl\u0105daj\u0105ce zupe\u0142nie inaczej. <\/p>\n<p>Innych te\u017c mo\u017cemy dozna\u0107 przyjemno\u015bci. Zim\u0105 &#8211; narty i to nie tylko biegowe; wiosn\u0105 &#8211; sp\u0142ywy kajakowe, \u017cagl\u00f3wki i w\u0119dkowanie; jesieni\u0105 &#8211; feeria kolor\u00f3w osza\u0142amiaj\u0105ca ka\u017cdego mi\u0142o\u015bnika malarstwa.<br \/>\n<!--more--><br \/>\nWalory Parku najpe\u0142niej mo\u017cna doceni\u0107, wspi\u0105wszy si\u0119 na Cisow\u0105 G\u00f3r\u0119, z kt\u00f3rej roztacza si\u0119 widok na dolin\u0119 rzeki o wdzi\u0119cznej nazwie Szeszupa oraz na kilkana\u015bcie pi\u0119knych jezior. Z punktu widokowego w Smolnikach mo\u017cna wyruszy\u0107 na wycieczki do rezerwat\u00f3w g\u0142az\u00f3w. To m.in. G\u0142azowisko Bachanowo, G\u0142azowisko \u0141opuchowskie czy G\u0142azowisko Rutka. Te pozosta\u0142o\u015bci polodowcowe ozdabiaj\u0105 liczne oczka wodne, tworz\u0105c niepowtarzalny krajobraz.<\/p>\n<p>W Parku znajd\u0105 dla siebie wiele atrakcji mi\u0142o\u015bnicy archeologii. Np. wczesno\u015bredniowieczne grodzisko w Szurpi\u0142ach, czyli tzw. G\u00f3r\u0119 Zamkow\u0105. Na prze\u0142omie V i VI wieku zamieszkuj\u0105cy te ziemie Ja\u0107wingowie zbudowali pot\u0119\u017cn\u0105 jak na owe czasy warowni\u0119. Umocniono j\u0105 dodatkowo w XI wieku. <\/p>\n<p>Uwa\u017cnie przygl\u0105daj\u0105c si\u0119 pozosta\u0142o\u015bciom, dostrzec mo\u017cna trzy pier\u015bcienie wa\u0142\u00f3w obronnych umocnionych g\u0142azami. Krzy\u017cacy, kt\u00f3rzy wypierali st\u0105d Ja\u0107wing\u00f3w, pisali ze zgroz\u0105 o &#8222;pot\u0119\u017cnym grodzisku Surpyl&#8221;. Z du\u017cym trudem i po wielu pr\u00f3bach zdobyli je w 1425 roku.<\/p>\n<p>Po latach i wygini\u0119ciu Ja\u0107wing\u00f3w na tym samym miejscu zbudowali sw\u00f3j zamek obronny Litwini.<\/p>\n<p>Rozpisa\u0142em si\u0119 o tym regionie, bo wkr\u00f3tce tam w\u0142a\u015bnie mamy zamiar pojecha\u0107. Ci\u0105gn\u0105 nas zar\u00f3wno krajobrazy, jak i ryby, z kt\u00f3rych s\u0142yn\u0105 miejscowe jeziora oraz przeczyste rzeki i rzeczki.<\/p>\n","protected":false},"excerpt":{"rendered":"<p>To podobno najstarszy park krajobrazowy w Polsce. Ci, kt\u00f3rzy go odwiedzili, oraz przyrodnicy twierdz\u0105 te\u017c, \u017ce jest ze wszystkich najpi\u0119kniejszy. Suwalski Park Narodowy nale\u017cy odwiedzi\u0107 co najmniej trzykrotnie. Za ka\u017cdym razem bowiem zaprezentuje si\u0119 w\u0119drowcom inaczej. Wystarczy tylko przyjecha\u0107 tu zim\u0105, potem na wiosn\u0119 i w ko\u0144cu jesieni\u0105. Za ka\u017cdym razem zobaczymy te same pag\u00f3rki [&hellip;]<\/p>\n","protected":false},"author":2,"featured_media":0,"comment_status":"open","ping_status":"closed","sticky":false,"template":"","format":"standard","meta":{"footnotes":""},"categories":[1],"tags":[],"_links":{"self":[{"href":"https:\/\/blog.polityka.pl\/adamczewski\/wp-json\/wp\/v2\/posts\/12835"}],"collection":[{"href":"https:\/\/blog.polityka.pl\/adamczewski\/wp-json\/wp\/v2\/posts"}],"about":[{"href":"https:\/\/blog.polityka.pl\/adamczewski\/wp-json\/wp\/v2\/types\/post"}],"author":[{"embeddable":true,"href":"https:\/\/blog.polityka.pl\/adamczewski\/wp-json\/wp\/v2\/users\/2"}],"replies":[{"embeddable":true,"href":"https:\/\/blog.polityka.pl\/adamczewski\/wp-json\/wp\/v2\/comments?post=12835"}],"version-history":[{"count":5,"href":"https:\/\/blog.polityka.pl\/adamczewski\/wp-json\/wp\/v2\/posts\/12835\/revisions"}],"predecessor-version":[{"id":12846,"href":"https:\/\/blog.polityka.pl\/adamczewski\/wp-json\/wp\/v2\/posts\/12835\/revisions\/12846"}],"wp:attachment":[{"href":"https:\/\/blog.polityka.pl\/adamczewski\/wp-json\/wp\/v2\/media?parent=12835"}],"wp:term":[{"taxonomy":"category","embeddable":true,"href":"https:\/\/blog.polityka.pl\/adamczewski\/wp-json\/wp\/v2\/categories?post=12835"},{"taxonomy":"post_tag","embeddable":true,"href":"https:\/\/blog.polityka.pl\/adamczewski\/wp-json\/wp\/v2\/tags?post=12835"}],"curies":[{"name":"wp","href":"https:\/\/api.w.org\/{rel}","templated":true}]}}