
{"id":12921,"date":"2014-07-29T07:00:41","date_gmt":"2014-07-29T05:00:41","guid":{"rendered":"http:\/\/adamczewski.blog.polityka.pl\/?p=12921"},"modified":"2014-07-29T16:30:35","modified_gmt":"2014-07-29T14:30:35","slug":"wiatr-w-strone-morza","status":"publish","type":"post","link":"https:\/\/blog.polityka.pl\/adamczewski\/2014\/07\/29\/wiatr-w-strone-morza\/","title":{"rendered":"Wiatr w stron\u0119 morza"},"content":{"rendered":"<p>Tym razem (i to ju\u017c po raz trzeci) czytelniczy wiatr b\u0119dzie wia\u0142 w stron\u0119 morza. W Gdyni przy Bulwarze Nadmorskim im. Feliksa Nowowiejskiego \u00a0(i w kilku innych miejscach te\u017c) od1 do 3 sierpnia b\u0119d\u0105 prezentowa\u0107 si\u0119 publiczno\u015bci wydawcy i autorzy. G\u0142\u00f3wn\u0105 rol\u0119 odegraj\u0105 rzecz jasna ksi\u0105\u017cki. W tym &#8211; co nas bardzo cieszy &#8211; tak\u017ce ksi\u0105\u017cki kulinarne.<br \/>\n<!--more--><br \/>\nNa gdy\u0144skim bulwarze pojawi si\u0119 oko\u0142o 40 oficyn wydawniczych m.in. Bajki-Grajki, Burda Ksi\u0105\u017cki, National Geographic, Dom Wydawniczy REBIS, Helion SA, Media Rodzina, Publicat SA, Sklep-komiksowy.pl, Sonia Draga, Tactic Games, Wydawnictwo Akapit Press, Wydawnictwo Bernardinum, Wydawnictwo Czarna Owca, Wydawnictwo Marginesy, Wydawnictwo Nasza Ksi\u0119garnia oraz Wydawnictwo Salezja\u0144skie. W\u015br\u00f3d oferty znajdzie si\u0119 stoisko organizatora Nagrody Literackiej Gdynia.<\/p>\n<p>Czytelnicy b\u0119d\u0105 mogli pozyska\u0107 autografy ulubionych autor\u00f3w oraz kupi\u0107 atrakcyjne ksi\u0105\u017cki na lato i na d\u0142ugie, jesienne wieczory. Na plenerze pojawi\u0105 si\u0119 mi\u0119dzy innymi: Barbara i Piotr Adamczewscy, Jerzy Bralczyk, Maciej A. Brzozowski, Barbara Bursztynowicz, Roman Czejarek, Ilona Felicja\u0144ska, Agnieszka Gil, Barbara Kosmowska, Marcin Kydry\u0144ski, Micha\u0142 Og\u00f3rek, Marek Przybylik i Stefan Szczep\u0142ek.<\/p>\n<p>Spotkania z autorami b\u0119d\u0105 si\u0119 odbywa\u0142y nie tylko na scenie Pleneru, ale tak\u017ce w wybranej instytucji miasta. Publiczno\u015b\u0107 b\u0119dzie mia\u0142a okazj\u0119 pos\u0142ucha\u0107 znanych gdynian czytaj\u0105cych utwory literackie. Specjalnie dla dzieci zorganizowane b\u0119d\u0105 warsztaty edukacyjne zwi\u0105zane z literatur\u0105.<\/p>\n<p>Patronat nad Plenerem sprawuj\u0105 Wojciech Szczurek (prezydent Gdyni), Mieczys\u0142aw Struk (marsza\u0142ek woj. pomorskiego) oraz liczne organizacje i instytucje, w tym: Centrum Kultury w Gdyni, Miejska Biblioteka Publiczna w Gdyni, Muzeum Miasta Gdyni, Izba Ksi\u0119garstwa Polskiego, Polska Izba Ksi\u0105\u017cki, Polskie Towarzystwo Wydawc\u00f3w Ksi\u0105\u017cek, Stowarzyszenie Bibliotekarzy Polskich, Stowarzyszenie Ksi\u0119garzy Polskich, Stowarzyszenie Autor\u00f3w ZAIKS.<\/p>\n<p>Patroni Medialni: Dziennik Ba\u0142tycki, Metro, wp.pl, Magazyn Literacki Ksi\u0105\u017cki, rynek-ksiazki.pl, lubimyczytac.pl, wydawca.com.pl, ksiazka.net.pl.<\/p>\n<p>Z prognoz &#8211; je\u015bli mo\u017cna im wierzy\u0107 &#8211; wynika, \u017ce pogoda dopisze i deszcz, kt\u00f3ry zepsu\u0142 podobn\u0105 imprez\u0119 w Szczecinie, a tak\u017ce imieniny Jana Kochanowskiego w warszawskim Ogrodzie Krasi\u0144skich, ominie Tr\u00f3jmiasto.<\/p>\n<p>Nasze spotkania z czytelnikami planowane s\u0105 w pi\u0105tek od godz. 16 do 17 i w sobot\u0119 od godz. 17.30.<\/p>\n<p>Zapraszam wi\u0119c mi\u0142o\u015bnik\u00f3w ksi\u0105\u017cek na wszystkie imprezy.<\/p>\n","protected":false},"excerpt":{"rendered":"<p>Tym razem (i to ju\u017c po raz trzeci) czytelniczy wiatr b\u0119dzie wia\u0142 w stron\u0119 morza. W Gdyni przy Bulwarze Nadmorskim im. Feliksa Nowowiejskiego \u00a0(i w kilku innych miejscach te\u017c) od1 do 3 sierpnia b\u0119d\u0105 prezentowa\u0107 si\u0119 publiczno\u015bci wydawcy i autorzy. G\u0142\u00f3wn\u0105 rol\u0119 odegraj\u0105 rzecz jasna ksi\u0105\u017cki. W tym &#8211; co nas bardzo cieszy &#8211; tak\u017ce [&hellip;]<\/p>\n","protected":false},"author":2,"featured_media":0,"comment_status":"open","ping_status":"closed","sticky":false,"template":"","format":"standard","meta":{"footnotes":""},"categories":[1],"tags":[],"_links":{"self":[{"href":"https:\/\/blog.polityka.pl\/adamczewski\/wp-json\/wp\/v2\/posts\/12921"}],"collection":[{"href":"https:\/\/blog.polityka.pl\/adamczewski\/wp-json\/wp\/v2\/posts"}],"about":[{"href":"https:\/\/blog.polityka.pl\/adamczewski\/wp-json\/wp\/v2\/types\/post"}],"author":[{"embeddable":true,"href":"https:\/\/blog.polityka.pl\/adamczewski\/wp-json\/wp\/v2\/users\/2"}],"replies":[{"embeddable":true,"href":"https:\/\/blog.polityka.pl\/adamczewski\/wp-json\/wp\/v2\/comments?post=12921"}],"version-history":[{"count":6,"href":"https:\/\/blog.polityka.pl\/adamczewski\/wp-json\/wp\/v2\/posts\/12921\/revisions"}],"predecessor-version":[{"id":12935,"href":"https:\/\/blog.polityka.pl\/adamczewski\/wp-json\/wp\/v2\/posts\/12921\/revisions\/12935"}],"wp:attachment":[{"href":"https:\/\/blog.polityka.pl\/adamczewski\/wp-json\/wp\/v2\/media?parent=12921"}],"wp:term":[{"taxonomy":"category","embeddable":true,"href":"https:\/\/blog.polityka.pl\/adamczewski\/wp-json\/wp\/v2\/categories?post=12921"},{"taxonomy":"post_tag","embeddable":true,"href":"https:\/\/blog.polityka.pl\/adamczewski\/wp-json\/wp\/v2\/tags?post=12921"}],"curies":[{"name":"wp","href":"https:\/\/api.w.org\/{rel}","templated":true}]}}