
{"id":13090,"date":"2014-09-01T07:00:13","date_gmt":"2014-09-01T05:00:13","guid":{"rendered":"http:\/\/adamczewski.blog.polityka.pl\/?p=13090"},"modified":"2014-08-30T18:48:47","modified_gmt":"2014-08-30T16:48:47","slug":"pod-tropea-nie-jest-zle","status":"publish","type":"post","link":"https:\/\/blog.polityka.pl\/adamczewski\/2014\/09\/01\/pod-tropea-nie-jest-zle\/","title":{"rendered":"Pod Trope\u0105 nie jest \u017ale"},"content":{"rendered":"<p>Wyl\u0105dowali\u015bmy w Lamezia Terme, czyli 70 km od male\u0144kiego kurortu San Nicolo di Ricadi, gdzie jest nasz hotel o wdzi\u0119cznej nazwie Sole Mare. Tu sp\u0119dzimy osiem dni z dala od wszelkich zaj\u0119\u0107. B\u0119dziemy tylko korzysta\u0107 ze s\u0142o\u0144ca, morza i kr\u00f3tkich wycieczek.<br \/>\n<!--more--><br \/>\nOdwiedzimy oczywi\u015bcie Trope\u0119 (to tylko 7 km i mo\u017cna nawet doj\u015b\u0107 piechot\u0105), kt\u00f3r\u0105 pokazywa\u0142em na zdj\u0119ciu, zapowiadaj\u0105c wyjazd do Kalabrii.<\/p>\n<p>Druga wyprawa b\u0119dzie nieco dalej: do Pizzo, kt\u00f3re &#8211; jak zapowiadaj\u0105 w przewodniku &#8211; jest miasteczkiem ze \u00a0star\u00f3wk\u0105 pe\u0142n\u0105 uroku. Najbardziej znany zabytek to zamek z XV wieku, gdzie by\u0142 wi\u0119ziony i rozstrzelany francuski genera\u0142 napoleo\u0144ski, syn ober\u017cysty z Gaskonii, kolekcjoner niewie\u015bcich serc &#8211; Joachim Murat.<\/p>\n<p>Niedaleko od starego miasta znajduje si\u0119 ciekawy ko\u015bci\u00f3\u0142 Piedigrotta, zbudowany na skale, ozdobiony wieloma rze\u017abami. Lokalnym wyrobem, z kt\u00f3rego s\u0142ynie miasteczko, jest &#8222;tartufo di Pizzo&#8221; &#8211; pyszne czekoladowe lody.<\/p>\n<p>Obszerniejsze sprawozdanie (tj. rozstrzygni\u0119cie, na ile rzeczywisto\u015b\u0107 zgadza si\u0119 z obrazkami na reklamach) b\u0119dzie rzecz jasna po powrocie.<\/p>\n","protected":false},"excerpt":{"rendered":"<p>Wyl\u0105dowali\u015bmy w Lamezia Terme, czyli 70 km od male\u0144kiego kurortu San Nicolo di Ricadi, gdzie jest nasz hotel o wdzi\u0119cznej nazwie Sole Mare. Tu sp\u0119dzimy osiem dni z dala od wszelkich zaj\u0119\u0107. B\u0119dziemy tylko korzysta\u0107 ze s\u0142o\u0144ca, morza i kr\u00f3tkich wycieczek.<\/p>\n","protected":false},"author":2,"featured_media":0,"comment_status":"open","ping_status":"closed","sticky":false,"template":"","format":"standard","meta":{"footnotes":""},"categories":[1],"tags":[],"_links":{"self":[{"href":"https:\/\/blog.polityka.pl\/adamczewski\/wp-json\/wp\/v2\/posts\/13090"}],"collection":[{"href":"https:\/\/blog.polityka.pl\/adamczewski\/wp-json\/wp\/v2\/posts"}],"about":[{"href":"https:\/\/blog.polityka.pl\/adamczewski\/wp-json\/wp\/v2\/types\/post"}],"author":[{"embeddable":true,"href":"https:\/\/blog.polityka.pl\/adamczewski\/wp-json\/wp\/v2\/users\/2"}],"replies":[{"embeddable":true,"href":"https:\/\/blog.polityka.pl\/adamczewski\/wp-json\/wp\/v2\/comments?post=13090"}],"version-history":[{"count":7,"href":"https:\/\/blog.polityka.pl\/adamczewski\/wp-json\/wp\/v2\/posts\/13090\/revisions"}],"predecessor-version":[{"id":13109,"href":"https:\/\/blog.polityka.pl\/adamczewski\/wp-json\/wp\/v2\/posts\/13090\/revisions\/13109"}],"wp:attachment":[{"href":"https:\/\/blog.polityka.pl\/adamczewski\/wp-json\/wp\/v2\/media?parent=13090"}],"wp:term":[{"taxonomy":"category","embeddable":true,"href":"https:\/\/blog.polityka.pl\/adamczewski\/wp-json\/wp\/v2\/categories?post=13090"},{"taxonomy":"post_tag","embeddable":true,"href":"https:\/\/blog.polityka.pl\/adamczewski\/wp-json\/wp\/v2\/tags?post=13090"}],"curies":[{"name":"wp","href":"https:\/\/api.w.org\/{rel}","templated":true}]}}