
{"id":13098,"date":"2014-09-05T07:00:12","date_gmt":"2014-09-05T05:00:12","guid":{"rendered":"http:\/\/adamczewski.blog.polityka.pl\/?p=13098"},"modified":"2014-09-05T22:22:50","modified_gmt":"2014-09-05T20:22:50","slug":"przepis-na-powitanie","status":"publish","type":"post","link":"https:\/\/blog.polityka.pl\/adamczewski\/2014\/09\/05\/przepis-na-powitanie\/","title":{"rendered":"Przepis na powitanie"},"content":{"rendered":"<p>Ju\u017c wkr\u00f3tce wyl\u0105dujemy na Ok\u0119ciu i ruszymy do codziennych zaj\u0119\u0107. Tymczasem jednak, na powitanie, proponuj\u0119 przepis, kt\u00f3ry nie wymaga przesadnych umiej\u0119tno\u015bci, a daje sporo rado\u015bci. Powitanie za\u015b winno by\u0107 radosne. Ja na przyk\u0142ad bardzo ciesz\u0119 si\u0119 z mo\u017cliwo\u015bci ponownego spotkania z blogowiczami.<!--more--><\/p>\n<p><strong>Babka, kt\u00f3ra robi si\u0119 sama<\/strong><br \/>\n<em>6 \u0142y\u017cek m\u0105ki pszennej, 2 szklanki m\u0105ki ziemniaczanej, 2 szklanki cukru, 6 \u0142y\u017cek oleju, kostka mas\u0142a, 6 jaj, ma\u0142a torebka proszku do pieczenia, 2 \u0142y\u017cki octu<\/em><br \/>\n<em>Do wysmarowania formy: \u0142y\u017cka mas\u0142a<\/em><br \/>\n<em>Do wysypania formy: 2 \u0142y\u017cki tartej bu\u0142ki<\/em><br \/>\n<em>Do dekorowania babki: p\u00f3\u0142 tabliczki gorzkiej czekolady, \u0142y\u017cka mleka<\/em><\/p>\n<p>1. Wszystkie sk\u0142adniki umie\u015bci\u0107 w wysokiej misce i dok\u0142adnie zmiksowa\u0107.<br \/>\n2. Przela\u0107 ciasto do wysmarowanej mas\u0142em i wysypanej tart\u0105 bu\u0142k\u0105 formy babowej.<br \/>\n3. Nagrza\u0107 piekarnik do 180\u00b0C i piec w niej babk\u0119 oko\u0142o 40 minut.<br \/>\n4. W kuchence mikrofalowej lub w kubeczku umieszczonym w wi\u0119kszym garnuszku z wrz\u0105c\u0105 wod\u0105 rozpu\u015bci\u0107 czekolad\u0119, doda\u0107 mleko i wymiesza\u0107. Pola\u0107 babk\u0119 rozpuszczon\u0105 czekolad\u0105.<\/p>\n<p>Pogryzaj\u0105c babk\u0119, mo\u017cna spokojnie czeka\u0107 na komunikaty z Ok\u0119cia.<\/p>\n","protected":false},"excerpt":{"rendered":"<p>Ju\u017c wkr\u00f3tce wyl\u0105dujemy na Ok\u0119ciu i ruszymy do codziennych zaj\u0119\u0107. Tymczasem jednak, na powitanie, proponuj\u0119 przepis, kt\u00f3ry nie wymaga przesadnych umiej\u0119tno\u015bci, a daje sporo rado\u015bci. Powitanie za\u015b winno by\u0107 radosne. Ja na przyk\u0142ad bardzo ciesz\u0119 si\u0119 z mo\u017cliwo\u015bci ponownego spotkania z blogowiczami.<\/p>\n","protected":false},"author":2,"featured_media":0,"comment_status":"open","ping_status":"closed","sticky":false,"template":"","format":"standard","meta":{"footnotes":""},"categories":[1],"tags":[],"_links":{"self":[{"href":"https:\/\/blog.polityka.pl\/adamczewski\/wp-json\/wp\/v2\/posts\/13098"}],"collection":[{"href":"https:\/\/blog.polityka.pl\/adamczewski\/wp-json\/wp\/v2\/posts"}],"about":[{"href":"https:\/\/blog.polityka.pl\/adamczewski\/wp-json\/wp\/v2\/types\/post"}],"author":[{"embeddable":true,"href":"https:\/\/blog.polityka.pl\/adamczewski\/wp-json\/wp\/v2\/users\/2"}],"replies":[{"embeddable":true,"href":"https:\/\/blog.polityka.pl\/adamczewski\/wp-json\/wp\/v2\/comments?post=13098"}],"version-history":[{"count":3,"href":"https:\/\/blog.polityka.pl\/adamczewski\/wp-json\/wp\/v2\/posts\/13098\/revisions"}],"predecessor-version":[{"id":13107,"href":"https:\/\/blog.polityka.pl\/adamczewski\/wp-json\/wp\/v2\/posts\/13098\/revisions\/13107"}],"wp:attachment":[{"href":"https:\/\/blog.polityka.pl\/adamczewski\/wp-json\/wp\/v2\/media?parent=13098"}],"wp:term":[{"taxonomy":"category","embeddable":true,"href":"https:\/\/blog.polityka.pl\/adamczewski\/wp-json\/wp\/v2\/categories?post=13098"},{"taxonomy":"post_tag","embeddable":true,"href":"https:\/\/blog.polityka.pl\/adamczewski\/wp-json\/wp\/v2\/tags?post=13098"}],"curies":[{"name":"wp","href":"https:\/\/api.w.org\/{rel}","templated":true}]}}