
{"id":13116,"date":"2014-09-08T08:02:48","date_gmt":"2014-09-08T06:02:48","guid":{"rendered":"http:\/\/adamczewski.blog.polityka.pl\/?p=13116"},"modified":"2014-09-08T12:43:55","modified_gmt":"2014-09-08T10:43:55","slug":"powrot-na-zgliszcza","status":"publish","type":"post","link":"https:\/\/blog.polityka.pl\/adamczewski\/2014\/09\/08\/powrot-na-zgliszcza\/","title":{"rendered":"Powr\u00f3t na zgliszcza"},"content":{"rendered":"<p>W niedziel\u0119 przed p\u00f3\u0142noc\u0105 wyl\u0105dowali\u015bmy w domu. W\u0142a\u015bciwie nale\u017ca\u0142oby powiedzie\u0107, \u017ce na zgliszczach domu. W \u0142azience spory zaciek pod sufitem, \u015bciana mokra, wi\u0119c ka\u017cdorazowa pr\u00f3ba w\u0142\u0105czenia \u015bwiat\u0142a wywala g\u0142\u00f3wny bezpiecznik w ca\u0142ym mieszkaniu.<br \/>\n<!--more--><br \/>\nWszystkie urz\u0105dzenia elektryczne nieczynne i trzeba je na nowo ustawia\u0107. Po kilku godzinach uda\u0142o si\u0119 ustawi\u0107 zegary (i urz\u0105dzenia ruszy\u0142y), ale jednak nie wszystkie. <\/p>\n<p>Komputer stacjonarny &#8211; ten dla mnie najwa\u017cniejszy, bo archiwizuj\u0105cy wszystkie teksty publikowane i przygotowywane oraz fotografie &#8211; ani drgnie. Mam nadziej\u0119, \u017ce to z powodu strzelaj\u0105cych bezpiecznik\u00f3w i dzisiejsza wizyta informatyka serwisuj\u0105cego nasze komputery i laptopy wystarczy.<\/p>\n<p>Podobnie z telewizorem, kt\u00f3ry rozbestwi\u0142 si\u0119 i \u017c\u0105da ode mnie jakich\u015b tajnych kod\u00f3w, o kt\u00f3rych nie mam poj\u0119cia. Pomoc fachow\u0105 &#8211; wezwano.<\/p>\n<p>Opisuj\u0119 te perypetie, by usprawiedliwi\u0107 op\u00f3\u017anienie w zamieszczeniu relacji z Kalabrii. Co to bowiem za sprawozdanie z urlopu, w kt\u00f3rym nie ma ilustracji! Mam nadziej\u0119, \u017ce wi\u0119kszo\u015b\u0107 problem\u00f3w (poza zaciekami w \u0142azience, kt\u00f3re wymagaj\u0105 d\u0142u\u017cszego czasu, bo p\u0119kni\u0119ta rura jest dwa pi\u0119tra wy\u017cej i chwilowo zamkni\u0119to w niej dop\u0142yw wody, a solidne prace dopiero nast\u0105pi\u0105) b\u0119dzie w ci\u0105gu dzisiejszego dnia rozwi\u0105zana. <\/p>\n<p>W\u00f3wczas b\u0119d\u0119 normalnie funkcjonowa\u0142. Dzi\u015b za\u015b przeczytam wszystkie komentarze i ciekawe &#8211; jak zd\u0105\u017cy\u0142em zauwa\u017cy\u0107 w przelocie &#8211; informacje o \u017cyciu blogowym.<\/p>\n<p>Do jutra wi\u0119c.<\/p>\n","protected":false},"excerpt":{"rendered":"<p>W niedziel\u0119 przed p\u00f3\u0142noc\u0105 wyl\u0105dowali\u015bmy w domu. W\u0142a\u015bciwie nale\u017ca\u0142oby powiedzie\u0107, \u017ce na zgliszczach domu. W \u0142azience spory zaciek pod sufitem, \u015bciana mokra, wi\u0119c ka\u017cdorazowa pr\u00f3ba w\u0142\u0105czenia \u015bwiat\u0142a wywala g\u0142\u00f3wny bezpiecznik w ca\u0142ym mieszkaniu.<\/p>\n","protected":false},"author":2,"featured_media":0,"comment_status":"open","ping_status":"closed","sticky":false,"template":"","format":"standard","meta":{"footnotes":""},"categories":[1],"tags":[],"_links":{"self":[{"href":"https:\/\/blog.polityka.pl\/adamczewski\/wp-json\/wp\/v2\/posts\/13116"}],"collection":[{"href":"https:\/\/blog.polityka.pl\/adamczewski\/wp-json\/wp\/v2\/posts"}],"about":[{"href":"https:\/\/blog.polityka.pl\/adamczewski\/wp-json\/wp\/v2\/types\/post"}],"author":[{"embeddable":true,"href":"https:\/\/blog.polityka.pl\/adamczewski\/wp-json\/wp\/v2\/users\/2"}],"replies":[{"embeddable":true,"href":"https:\/\/blog.polityka.pl\/adamczewski\/wp-json\/wp\/v2\/comments?post=13116"}],"version-history":[{"count":5,"href":"https:\/\/blog.polityka.pl\/adamczewski\/wp-json\/wp\/v2\/posts\/13116\/revisions"}],"predecessor-version":[{"id":13121,"href":"https:\/\/blog.polityka.pl\/adamczewski\/wp-json\/wp\/v2\/posts\/13116\/revisions\/13121"}],"wp:attachment":[{"href":"https:\/\/blog.polityka.pl\/adamczewski\/wp-json\/wp\/v2\/media?parent=13116"}],"wp:term":[{"taxonomy":"category","embeddable":true,"href":"https:\/\/blog.polityka.pl\/adamczewski\/wp-json\/wp\/v2\/categories?post=13116"},{"taxonomy":"post_tag","embeddable":true,"href":"https:\/\/blog.polityka.pl\/adamczewski\/wp-json\/wp\/v2\/tags?post=13116"}],"curies":[{"name":"wp","href":"https:\/\/api.w.org\/{rel}","templated":true}]}}