
{"id":13149,"date":"2014-09-12T07:00:49","date_gmt":"2014-09-12T05:00:49","guid":{"rendered":"http:\/\/adamczewski.blog.polityka.pl\/?p=13149"},"modified":"2014-09-11T23:17:22","modified_gmt":"2014-09-11T21:17:22","slug":"moze-niepotrzebnie-sie-wzruszylem","status":"publish","type":"post","link":"https:\/\/blog.polityka.pl\/adamczewski\/2014\/09\/12\/moze-niepotrzebnie-sie-wzruszylem\/","title":{"rendered":"Mo\u017ce niepotrzebnie si\u0119 wzruszy\u0142em?"},"content":{"rendered":"<p>Troch\u0119 ze wstydem musz\u0119 si\u0119 przyzna\u0107, \u017ce podczas podr\u00f3\u017cy po Kalabrii uleg\u0142em silnemu wzruszeniu. A przyczyn\u0105 tego\u017c by\u0142a pewna wielka ryba &#8211; miecznik.<\/p>\n<p>Pewnie to \u015bmiesznie zabrzmi, ale siwy, starszy facet przejmuje si\u0119 ryb\u0105, kt\u00f3r\u0105 &#8211; nawiasem m\u00f3wi\u0105c &#8211; spotyka\u0142 dot\u0105d tylko na talerzu. A teraz, gdy m\u00f3g\u0142 na ni\u0105 zapolowa\u0107, zrejterowa\u0142, ponosz\u0105c przy tym pewne koszta.<!--more--><div id=\"attachment_13142\" style=\"width: 630px\" class=\"wp-caption aligncenter\"><a href=\"\/wp-content\/uploads\/2014\/09\/P90200031.jpg\"><img loading=\"lazy\" decoding=\"async\" aria-describedby=\"caption-attachment-13142\" src=\"\/wp-content\/uploads\/2014\/09\/P90200031-768x1024.jpg\" alt=\"Fot. P. Adamczewski\" width=\"620\" height=\"826\" class=\"size-large wp-image-13142\" \/><\/a><p id=\"caption-attachment-13142\" class=\"wp-caption-text\">Fot. P. Adamczewski<\/p><\/div>A by\u0142o to tak: wybieraj\u0105c si\u0119 do bajkowego miasta &#8211; mam na my\u015bli Trope\u0119 &#8211; si\u0119gn\u0105\u0142em po informacje dotycz\u0105ce ca\u0142ej okolicy. W niedalekim, kolejnym pi\u0119knym porcie o przypominaj\u0105cej mitologi\u0119 nazwie Scilla (mi\u0119dzy Scyll\u0105 a Charybd\u0105 masowo gin\u0119li w wodach Cie\u015bniny Messy\u0144skiej tamtejsi rybacy) mo\u017cna by\u0142o wykupi\u0107 rejs na \u0142odzi rybackiej \u0142owi\u0105cej mieczniki. Po\u0142owy tych ryb osi\u0105gaj\u0105cych nawet cztery metry d\u0142ugo\u015bci i odpowiedni\u0105 do tego wag\u0119 trwaj\u0105 od czerwca do pierwszych dni wrze\u015bnia. By\u0142a to wi\u0119c ostatnia chwila.<\/p>\n<p>Na po\u0142owy pesce spada budowane specjalne \u0142odzie &#8211; wi\u0119ksze ni\u017c inne, z wy\u017cszymi burtami, wysokim masztem z bocianim gniazdem, no i z dobrze wyszkolon\u0105 za\u0142og\u0105 harpunnik\u00f3w. <\/p>\n<p>Gdy rybak-obserwator zauwa\u017ca \u0142awic\u0119, daje sygna\u0142, wskazuj\u0105c kierunek, i zaczyna si\u0119 po\u015bcig, kt\u00f3ry zazwyczaj ko\u0144czy si\u0119 podw\u00f3jnym sukcesem. Harpunnik celuje najpierw w samic\u0119. Rzadko chybia, bo cel jest wielki. Gdy inni rybacy wci\u0105gaj\u0105 upolowan\u0105 sztuk\u0119 na pok\u0142ad, harpunnik zabija samca, kt\u00f3ry nie odst\u0119puje swojej partnerki nawet w takiej sytuacji. No wi\u0119c miecznik ginie z powodu uczucia.<\/p>\n<div id=\"attachment_13130\" style=\"width: 630px\" class=\"wp-caption aligncenter\"><a href=\"\/wp-content\/uploads\/2014\/09\/P9020009.jpg\"><img loading=\"lazy\" decoding=\"async\" aria-describedby=\"caption-attachment-13130\" src=\"\/wp-content\/uploads\/2014\/09\/P9020009-1024x768.jpg\" alt=\"Fot. P. Adamczewski\" width=\"620\" height=\"465\" class=\"size-large wp-image-13130\" \/><\/a><p id=\"caption-attachment-13130\" class=\"wp-caption-text\">Fot. P. Adamczewski<\/p><\/div>\n<p>Wys\u0142uchawszy tej historii, zrezygnowa\u0142em z rejsu. Podczas kolacji odm\u00f3wi\u0142em te\u017c zjedzenia pesce spada, wola\u0142em bak\u0142a\u017cany lub cokolwiek innego.<\/p>\n","protected":false},"excerpt":{"rendered":"<p>Troch\u0119 ze wstydem musz\u0119 si\u0119 przyzna\u0107, \u017ce podczas podr\u00f3\u017cy po Kalabrii uleg\u0142em silnemu wzruszeniu. A przyczyn\u0105 tego\u017c by\u0142a pewna wielka ryba &#8211; miecznik. Pewnie to \u015bmiesznie zabrzmi, ale siwy, starszy facet przejmuje si\u0119 ryb\u0105, kt\u00f3r\u0105 &#8211; nawiasem m\u00f3wi\u0105c &#8211; spotyka\u0142 dot\u0105d tylko na talerzu. A teraz, gdy m\u00f3g\u0142 na ni\u0105 zapolowa\u0107, zrejterowa\u0142, ponosz\u0105c przy tym [&hellip;]<\/p>\n","protected":false},"author":2,"featured_media":0,"comment_status":"open","ping_status":"closed","sticky":false,"template":"","format":"standard","meta":{"footnotes":""},"categories":[1],"tags":[],"_links":{"self":[{"href":"https:\/\/blog.polityka.pl\/adamczewski\/wp-json\/wp\/v2\/posts\/13149"}],"collection":[{"href":"https:\/\/blog.polityka.pl\/adamczewski\/wp-json\/wp\/v2\/posts"}],"about":[{"href":"https:\/\/blog.polityka.pl\/adamczewski\/wp-json\/wp\/v2\/types\/post"}],"author":[{"embeddable":true,"href":"https:\/\/blog.polityka.pl\/adamczewski\/wp-json\/wp\/v2\/users\/2"}],"replies":[{"embeddable":true,"href":"https:\/\/blog.polityka.pl\/adamczewski\/wp-json\/wp\/v2\/comments?post=13149"}],"version-history":[{"count":5,"href":"https:\/\/blog.polityka.pl\/adamczewski\/wp-json\/wp\/v2\/posts\/13149\/revisions"}],"predecessor-version":[{"id":13151,"href":"https:\/\/blog.polityka.pl\/adamczewski\/wp-json\/wp\/v2\/posts\/13149\/revisions\/13151"}],"wp:attachment":[{"href":"https:\/\/blog.polityka.pl\/adamczewski\/wp-json\/wp\/v2\/media?parent=13149"}],"wp:term":[{"taxonomy":"category","embeddable":true,"href":"https:\/\/blog.polityka.pl\/adamczewski\/wp-json\/wp\/v2\/categories?post=13149"},{"taxonomy":"post_tag","embeddable":true,"href":"https:\/\/blog.polityka.pl\/adamczewski\/wp-json\/wp\/v2\/tags?post=13149"}],"curies":[{"name":"wp","href":"https:\/\/api.w.org\/{rel}","templated":true}]}}