
{"id":13162,"date":"2014-09-15T07:00:31","date_gmt":"2014-09-15T05:00:31","guid":{"rendered":"http:\/\/adamczewski.blog.polityka.pl\/?p=13162"},"modified":"2014-09-15T19:44:24","modified_gmt":"2014-09-15T17:44:24","slug":"chcialbym-czasem-pocalowac-zabe","status":"publish","type":"post","link":"https:\/\/blog.polityka.pl\/adamczewski\/2014\/09\/15\/chcialbym-czasem-pocalowac-zabe\/","title":{"rendered":"Czasem chcia\u0142bym poca\u0142owa\u0107 \u017cab\u0119"},"content":{"rendered":"<p>Po powrocie z urlopu zastali\u015bmy na wsi nowego lokatora. Pod nisko zwisaj\u0105cymi ga\u0142\u0119ziami m\u0142odych sosen schowa\u0142 si\u0119 przed nami m\u0142ody zaj\u0105c. Udali\u015bmy, \u017ce go nie widzimy, i nawet nie zerwali\u015bmy rosn\u0105cych obok pi\u0119knych ma\u015blak\u00f3w. Pomy\u015bleli\u015bmy sobie, i\u017c zaj\u0105czek wpad\u0142 do nas na chwil\u0119, posili si\u0119 ma\u015blakami i oddali na pobliskie \u0142\u0105ki. Ale nie &#8211; on zosta\u0142 tu na d\u0142u\u017cej.<!--more--><a href=\"\/wp-content\/uploads\/2014\/09\/P9140003.jpg\"><img loading=\"lazy\" decoding=\"async\" src=\"\/wp-content\/uploads\/2014\/09\/P9140003-1024x768.jpg\" alt=\"OLYMPUS DIGITAL CAMERA\" width=\"620\" height=\"465\" class=\"aligncenter size-large wp-image-13161\" \/><\/a>Zacz\u0119li\u015bmy wi\u0119c si\u0119 martwi\u0107, co to b\u0119dzie, gdy przyjedzie Rudolf. Okaza\u0142o si\u0119 jednak, \u017ce pies naszych wnucz\u0105t na tyle si\u0119 zestarza\u0142, \u017ce zaj\u0105ca nie poczu\u0142 i nie zacz\u0105\u0142 go gania\u0107 po terenie. <\/p>\n<p>Zreszt\u0105 ten kawa\u0142 ziemi (kawa\u0142ek r\u00f3\u017cnorodnego lasu: sosny, brzozy, modrzewie, buki oraz dzikie, wysokie ostre trawy), mimo \u017ce ogrodzony drewnianym p\u0142otem, ma liczne szpary, przez kt\u00f3re zaj\u0105czek m\u00f3g\u0142by uciec, a Rudolf si\u0119 nie zmie\u015bci. Tymczasem wi\u0119c mieszkaj\u0105 razem, nie wchodz\u0105c sobie w drog\u0119. A my obserwujemy t\u0119 koegzystencj\u0119. I dzielimy si\u0119 bez \u017calu grzybami z szarakiem. Te przez niego nadgryzione zostawiamy, a zbieramy tylko te, kt\u00f3rych on jeszcze nie naruszy\u0142.<a href=\"\/wp-content\/uploads\/2014\/09\/P9140004.jpg\"><img loading=\"lazy\" decoding=\"async\" src=\"\/wp-content\/uploads\/2014\/09\/P9140004-1024x768.jpg\" alt=\"OLYMPUS DIGITAL CAMERA\" width=\"620\" height=\"465\" class=\"aligncenter size-large wp-image-13160\" \/><\/a>Zbli\u017ca si\u0119 jesie\u0144, wi\u0119c i na \u0142\u0105kach, i na polach coraz ciszej. Cz\u0119\u015b\u0107 ptak\u00f3w ju\u017c odlecia\u0142a. Czekamy jeszcze na masowy przelot g\u0119si, kt\u00f3re gdzie\u015b tam znad Biebrzy b\u0119d\u0105 t\u0119dy w\u0119drowa\u0107 na po\u0142udniowe zimowiska.<\/p>\n<p>Na szcz\u0119\u015bcie \u017caby nie odlatuj\u0105, wi\u0119c natykam si\u0119 na nie na\u00a0mokrych \u0142\u0105kach (zw\u0142aszcza w pobli\u017cu row\u00f3w melioracyjnych) oraz tu\u017c obok werandy. Pod werand\u0105 bowiem jest cieni\u015bcie i wilgotno, a \u017caby to lubi\u0105. Czasem kt\u00f3ra\u015b zab\u0142\u0105dzi i wskoczy na werand\u0119. Sygnalizuje to krzyk Basi. W\u00f3wczas to musz\u0119 przera\u017con\u0105 \u017cab\u0119 z\u0142apa\u0107 i wynie\u015b\u0107 na zewn\u0105trz. I wtedy to w\u0142a\u015bnie miewam okazj\u0119 do poca\u0142unk\u00f3w. Wstrzymuj\u0119 si\u0119 jednak, bo c\u00f3\u017c bym zrobi\u0142, gdyby legenda o ksi\u0119\u017cniczce okaza\u0142a si\u0119 prawdziwa? Ale lubi\u0119 sobie pomy\u015ble\u0107, \u017ce zawsze mamy tak\u0105 mo\u017cliwo\u015b\u0107 &#8211; \u017caba i ja.<\/p>\n<p>\u017bycie bez legend i \u015bmiesznych historyjek by\u0142oby znacznie nudniejsze. I chyba nie ma sensu ogo\u0142aca\u0107 go z tego, przek\u0142adaj\u0105c wszystko na r\u00f3wnania, ca\u0142ki oraz r\u00f3\u017cniczki. Ciesz\u0119 si\u0119 przy tym, \u017ce nie tylko ja tak my\u015bl\u0119. Mo\u017ce wi\u0119c i szarak sypiaj\u0105cy pod sosnami nie jest zwyk\u0142ym zaj\u0105cem? Mam nadziej\u0119, \u017ce w zimie b\u0119d\u0119 widzia\u0142 \u015blady jego kicania po \u015bniegu wok\u00f3\u0142 domu lub sauny. I nie zdziwi\u0119 si\u0119, gdy zobacz\u0119, \u017ce \u015blady s\u0105 coraz wi\u0119ksze, a\u017c w ko\u0144cu zamieni\u0105 si\u0119 w tropy tygrysie!<\/p>\n<p>Tymczasem \u00a0obaj zajadamy si\u0119 wsp\u00f3lnymi grzybami. Obaj lubimy najbardziej surowe prawdziwki. On z piaskiem i igliwiem, a ja z oliw\u0105, sokiem z cytryny i p\u0142atkami parmezanu. Och, jakie smaczne jest borowikowe carpaccio!<\/p>\n<p><em>Fot. P. Adamczewski<\/em><\/p>\n","protected":false},"excerpt":{"rendered":"<p>Po powrocie z urlopu zastali\u015bmy na wsi nowego lokatora. Pod nisko zwisaj\u0105cymi ga\u0142\u0119ziami m\u0142odych sosen schowa\u0142 si\u0119 przed nami m\u0142ody zaj\u0105c. Udali\u015bmy, \u017ce go nie widzimy, i nawet nie zerwali\u015bmy rosn\u0105cych obok pi\u0119knych ma\u015blak\u00f3w. Pomy\u015bleli\u015bmy sobie, i\u017c zaj\u0105czek wpad\u0142 do nas na chwil\u0119, posili si\u0119 ma\u015blakami i oddali na pobliskie \u0142\u0105ki. Ale nie &#8211; on [&hellip;]<\/p>\n","protected":false},"author":2,"featured_media":0,"comment_status":"open","ping_status":"closed","sticky":false,"template":"","format":"standard","meta":{"footnotes":""},"categories":[1],"tags":[],"_links":{"self":[{"href":"https:\/\/blog.polityka.pl\/adamczewski\/wp-json\/wp\/v2\/posts\/13162"}],"collection":[{"href":"https:\/\/blog.polityka.pl\/adamczewski\/wp-json\/wp\/v2\/posts"}],"about":[{"href":"https:\/\/blog.polityka.pl\/adamczewski\/wp-json\/wp\/v2\/types\/post"}],"author":[{"embeddable":true,"href":"https:\/\/blog.polityka.pl\/adamczewski\/wp-json\/wp\/v2\/users\/2"}],"replies":[{"embeddable":true,"href":"https:\/\/blog.polityka.pl\/adamczewski\/wp-json\/wp\/v2\/comments?post=13162"}],"version-history":[{"count":7,"href":"https:\/\/blog.polityka.pl\/adamczewski\/wp-json\/wp\/v2\/posts\/13162\/revisions"}],"predecessor-version":[{"id":13169,"href":"https:\/\/blog.polityka.pl\/adamczewski\/wp-json\/wp\/v2\/posts\/13162\/revisions\/13169"}],"wp:attachment":[{"href":"https:\/\/blog.polityka.pl\/adamczewski\/wp-json\/wp\/v2\/media?parent=13162"}],"wp:term":[{"taxonomy":"category","embeddable":true,"href":"https:\/\/blog.polityka.pl\/adamczewski\/wp-json\/wp\/v2\/categories?post=13162"},{"taxonomy":"post_tag","embeddable":true,"href":"https:\/\/blog.polityka.pl\/adamczewski\/wp-json\/wp\/v2\/tags?post=13162"}],"curies":[{"name":"wp","href":"https:\/\/api.w.org\/{rel}","templated":true}]}}