
{"id":1317,"date":"2009-11-11T08:00:40","date_gmt":"2009-11-11T07:00:40","guid":{"rendered":"http:\/\/adamczewski.blog.polityka.pl\/?p=1317"},"modified":"2009-11-11T10:16:10","modified_gmt":"2009-11-11T09:16:10","slug":"zgadnij-co-gotujemy10-b","status":"publish","type":"post","link":"https:\/\/blog.polityka.pl\/adamczewski\/2009\/11\/11\/zgadnij-co-gotujemy10-b\/","title":{"rendered":"Zgadnij co gotujemy?(10 B)"},"content":{"rendered":"<p><a href=\"\/wp-content\/uploads\/2009\/11\/blog_polska_ginaca.jpg\"><img loading=\"lazy\" decoding=\"async\" class=\"aligncenter size-full wp-image-1320\" title=\"blog_polska_ginaca\" src=\"\/wp-content\/uploads\/2009\/11\/blog_polska_ginaca.jpg\" alt=\"\" width=\"409\" height=\"624\" \/><\/a><\/p>\n<p>Dzi\u015b \u015bwi\u0119to i wszystkie sklepy zamkni\u0119te. Z wyj\u0105tkiem ma\u0142ych placowek, w kt\u00f3rych pracuje tylko w\u0142a\u015bciciel. To tak jak u mnie w sklepiku &#8222;Gotuj si\u0119!&#8221;. B\u0119dzie wi\u0119c kolejna porcja zagadek, tyle tylko, \u017ce kto wygra\u0142 dowiecie si\u0119 dopiero jutro, gdy otworz\u0105 ten du\u017cy sklep czyli &#8222;Polityk\u0119&#8221; i b\u0119d\u0119 mia\u0142 dost\u0119p do pe\u0142nej wiedzy na temat nades\u0142anych odpowiedzi. Dzi\u015b za\u015b\u00a0 nagrod\u0105\u00a0 jest wielkie albumowe wydawnictwo opracowane przez oficyn\u0119 Carta Blanca o gin\u0105cej prowincjonalnej, pi\u0119knej Polsce. Oto pytania:<\/p>\n<p>1 Co si\u0119 kryje pod nazw\u0105 parzybroda?<br \/>\n2 Gryz to ugryziony kawa\u0142ek chleba czy co\u015b zupe\u0142nie innego?<br \/>\n3 Tuk-tuk to nazwa tr\u00f3jko\u0142owej taks\u00f3wki cejlo\u0144skiej a pojedyncze s\u0142owo tuk to&#8230;?<\/p>\n<p>I to wszystko. Teraz prosz\u0119 o odpowiedzi i cierpliwo\u015b\u0107. Adres bez zmian: <a href=\"mailto:internet@polityka.pl\">internet@polityka.pl<\/a><\/p>\n<p>\u00a0<\/p>\n","protected":false},"excerpt":{"rendered":"<p>Dzi\u015b \u015bwi\u0119to i wszystkie sklepy zamkni\u0119te. Z wyj\u0105tkiem ma\u0142ych placowek, w kt\u00f3rych pracuje tylko w\u0142a\u015bciciel. To tak jak u mnie w sklepiku &#8222;Gotuj si\u0119!&#8221;. B\u0119dzie wi\u0119c kolejna porcja zagadek, tyle tylko, \u017ce kto wygra\u0142 dowiecie si\u0119 dopiero jutro, gdy otworz\u0105 ten du\u017cy sklep czyli &#8222;Polityk\u0119&#8221; i b\u0119d\u0119 mia\u0142 dost\u0119p do pe\u0142nej wiedzy na temat nades\u0142anych [&hellip;]<\/p>\n","protected":false},"author":2,"featured_media":0,"comment_status":"open","ping_status":"open","sticky":false,"template":"","format":"standard","meta":{"footnotes":""},"categories":[1],"tags":[],"_links":{"self":[{"href":"https:\/\/blog.polityka.pl\/adamczewski\/wp-json\/wp\/v2\/posts\/1317"}],"collection":[{"href":"https:\/\/blog.polityka.pl\/adamczewski\/wp-json\/wp\/v2\/posts"}],"about":[{"href":"https:\/\/blog.polityka.pl\/adamczewski\/wp-json\/wp\/v2\/types\/post"}],"author":[{"embeddable":true,"href":"https:\/\/blog.polityka.pl\/adamczewski\/wp-json\/wp\/v2\/users\/2"}],"replies":[{"embeddable":true,"href":"https:\/\/blog.polityka.pl\/adamczewski\/wp-json\/wp\/v2\/comments?post=1317"}],"version-history":[{"count":0,"href":"https:\/\/blog.polityka.pl\/adamczewski\/wp-json\/wp\/v2\/posts\/1317\/revisions"}],"wp:attachment":[{"href":"https:\/\/blog.polityka.pl\/adamczewski\/wp-json\/wp\/v2\/media?parent=1317"}],"wp:term":[{"taxonomy":"category","embeddable":true,"href":"https:\/\/blog.polityka.pl\/adamczewski\/wp-json\/wp\/v2\/categories?post=1317"},{"taxonomy":"post_tag","embeddable":true,"href":"https:\/\/blog.polityka.pl\/adamczewski\/wp-json\/wp\/v2\/tags?post=1317"}],"curies":[{"name":"wp","href":"https:\/\/api.w.org\/{rel}","templated":true}]}}