
{"id":132,"date":"2007-01-24T06:00:51","date_gmt":"2007-01-24T05:00:51","guid":{"rendered":"http:\/\/adamczewski.blog.polityka.pl\/?p=132"},"modified":"2007-01-23T15:39:00","modified_gmt":"2007-01-23T14:39:00","slug":"zgadnij-co-gotujemy-24","status":"publish","type":"post","link":"https:\/\/blog.polityka.pl\/adamczewski\/2007\/01\/24\/zgadnij-co-gotujemy-24\/","title":{"rendered":"Zgadnij co gotujemy? (24)"},"content":{"rendered":"<p>I znowu troch\u0119 rozrywki. Tym razem \u0142atwiej b\u0119dzie odpowiedzie\u0107 na pytania tym smakoszom, kt\u00f3rzy cho\u0107 troch\u0119 interesuj\u0105 si\u0119 kultur\u0105 antyczn\u0105. Staro\u017cytni bowiem te\u017c byli \u0142asuchami, a bogowie zamieszkuj\u0105cy Parnas to by\u0142a kasta wr\u0119cz wyrafinowanych ob\u017cartuch\u00f3w.<\/p>\n<p>Nagrod\u0119 tym razem stanowi moja ksi\u0105\u017cka &#8222;M\u0119skie gotowanie&#8221; opublikowana przez Wydawnictwo Pr\u00f3szy\u0144ski i S-ka. Jak zwykle zwyci\u0119zca czyli ten, kto pierwszy nade\u015ble prawid\u0142owe odpowiedzi, dostanie ksi\u0105\u017ck\u0119 z autografem i dedykacj\u0105. Odpowiedzi nale\u017cy wysy\u0142a\u0107 na adres: <a href=\"mailto:internet@polityka.com.pl\">internet@polityka.com.pl<\/a><\/p>\n<p>No to do dzie\u0142a!<\/p>\n<p>1. Wed\u0142ug greckiego mitu jedno z dzieci Zeusa konkuruj\u0105c o w\u0142adz\u0119 nad jednym z miast zasadzi\u0142o pierwsze drzewo, kt\u00f3re dawa\u0142o cie\u0144, doskona\u0142e twarde drewno na budulec i &#8211; co najwa\u017cniejsze &#8211; wspania\u0142e owoce. By\u0142o to drzewo oliwne. O kt\u00f3rym z dzieci Zeusa mowa?<\/p>\n<p>2. Dionizos to b\u00f3g wina (czyli po prostu op\u00f3j) \u015bwi\u0119ta organizowane przez niego to dionizje. Jak nazywa si\u0119 rzymski odpowiednik Dionizosa tak\u017ce organizuj\u0105cy \u015bwi\u0119ta opilstwa?<\/p>\n<p>3. Trzy boginie Hera, Atena i Afrodyta k\u0142\u00f3ci\u0142y si\u0119, kt\u00f3ra z nich jest najpiekniejsza. Sp\u00f3r rozstrzygn\u0105\u0142 pasterz Parys (nawiasem m\u00f3wi\u0105c by\u0142 on zaginionym synem kr\u00f3la Troi Priama) wr\u0119czaj\u0105c Afrodycie owoc kreuj\u0105cy ja na najpi\u0119kniejsz\u0105 na Olimpie. Co to by\u0142 za owoc?<\/p>\n<p>Nie zwlekajcie z odpowiedzi\u0105. Ksi\u0105\u017cka czeka na wysy\u0142k\u0119.<\/p>\n","protected":false},"excerpt":{"rendered":"<p>I znowu troch\u0119 rozrywki. Tym razem \u0142atwiej b\u0119dzie odpowiedzie\u0107 na pytania tym smakoszom, kt\u00f3rzy cho\u0107 troch\u0119 interesuj\u0105 si\u0119 kultur\u0105 antyczn\u0105. Staro\u017cytni bowiem te\u017c byli \u0142asuchami, a bogowie zamieszkuj\u0105cy Parnas to by\u0142a kasta wr\u0119cz wyrafinowanych ob\u017cartuch\u00f3w. Nagrod\u0119 tym razem stanowi moja ksi\u0105\u017cka &#8222;M\u0119skie gotowanie&#8221; opublikowana przez Wydawnictwo Pr\u00f3szy\u0144ski i S-ka. Jak zwykle zwyci\u0119zca czyli ten, kto [&hellip;]<\/p>\n","protected":false},"author":2,"featured_media":0,"comment_status":"open","ping_status":"open","sticky":false,"template":"","format":"standard","meta":{"footnotes":""},"categories":[1],"tags":[],"_links":{"self":[{"href":"https:\/\/blog.polityka.pl\/adamczewski\/wp-json\/wp\/v2\/posts\/132"}],"collection":[{"href":"https:\/\/blog.polityka.pl\/adamczewski\/wp-json\/wp\/v2\/posts"}],"about":[{"href":"https:\/\/blog.polityka.pl\/adamczewski\/wp-json\/wp\/v2\/types\/post"}],"author":[{"embeddable":true,"href":"https:\/\/blog.polityka.pl\/adamczewski\/wp-json\/wp\/v2\/users\/2"}],"replies":[{"embeddable":true,"href":"https:\/\/blog.polityka.pl\/adamczewski\/wp-json\/wp\/v2\/comments?post=132"}],"version-history":[{"count":0,"href":"https:\/\/blog.polityka.pl\/adamczewski\/wp-json\/wp\/v2\/posts\/132\/revisions"}],"wp:attachment":[{"href":"https:\/\/blog.polityka.pl\/adamczewski\/wp-json\/wp\/v2\/media?parent=132"}],"wp:term":[{"taxonomy":"category","embeddable":true,"href":"https:\/\/blog.polityka.pl\/adamczewski\/wp-json\/wp\/v2\/categories?post=132"},{"taxonomy":"post_tag","embeddable":true,"href":"https:\/\/blog.polityka.pl\/adamczewski\/wp-json\/wp\/v2\/tags?post=132"}],"curies":[{"name":"wp","href":"https:\/\/api.w.org\/{rel}","templated":true}]}}